{"id":60449,"date":"2019-09-07T13:30:00","date_gmt":"2019-09-07T17:30:00","guid":{"rendered":"https:\/\/linitiative.ca\/International\/une-trentaine-de-deputes-et-senateurs-dans-le-collimateur-de-la-justice\/"},"modified":"2019-09-07T13:30:00","modified_gmt":"2019-09-07T17:30:00","slug":"une-trentaine-de-deputes-et-senateurs-dans-le-collimateur-de-la-justice","status":"publish","type":"post","link":"https:\/\/linitiative.ca\/International\/une-trentaine-de-deputes-et-senateurs-dans-le-collimateur-de-la-justice\/","title":{"rendered":"Une trentaine de d\u00e9put\u00e9s et s\u00e9nateurs dans le collimateur de la Justice"},"content":{"rendered":"<p><br id=\"sep_para_1\" class=\"sep_para access\"\/><\/p>\n<div id=\"para_1\" class=\"para_32889039 resize\">\n<div class=\"photo shadow left\"><a href=\"javascript:void(0)\" rel=\"https:\/\/www.reflexiondz.net\/photo\/art\/grande\/37103616-32889039.jpg?v=1567885307&#038;ibox\" title=\"Une trentaine de d\u00e9put\u00e9s et s\u00e9nateurs dans le collimateur de la Justice\"><img decoding=\"async\" class=\"responsive c9\" src=\"https:\/\/www.reflexiondz.net\/photo\/art\/grande\/37103616-32889039.jpg?v=1567885307\" alt=\"Une trentaine de d\u00e9put\u00e9s et s\u00e9nateurs dans le collimateur de la Justice\" title=\"Une trentaine de d\u00e9put\u00e9s et s\u00e9nateurs dans le collimateur de la Justice\"\/><img decoding=\"async\" class=\"not-responsive\" src=\"https:\/\/www.reflexiondz.net\/photo\/art\/default\/37103616-32889039.jpg?v=1567885308\" alt=\"Une trentaine de d\u00e9put\u00e9s et s\u00e9nateurs dans le collimateur de la Justice\" title=\"Une trentaine de d\u00e9put\u00e9s et s\u00e9nateurs dans le collimateur de la Justice\"\/><\/a><\/div>\n<div class=\"texte access firstletter\">\u00a0La demande de lev\u00e9e de l\u2019immunit\u00e9 parlementaire de Mohamed Djemai ne serait qu\u2019une sorte d\u2019hors-d\u2019\u0153uvre en attendant le plat de r\u00e9sistance\u00a0 pour cette rentr\u00e9e parlementaire bien particuli\u00e8re. Une source judiciaire a d\u00e9clar\u00e9 \u00e0 Alg\u00e9rie1 que pas moins de 27 parlementaires, entre s\u00e9nateurs et d\u00e9put\u00e9s, sont menac\u00e9s de la lev\u00e9e de leur immunit\u00e9 parlementaire dont la plupart sont du FLN, du RND et du groupe des Ind\u00e9pendants et m\u00eame des ex-ministres. Le bureau de l\u2019APN et du Conseil de la Nation seront prochainement saisis par le minist\u00e8re de la justice pour mettre en branle la proc\u00e9dure de lev\u00e9e de l\u2019immunit\u00e9 de ces parlementaires sur qui p\u00e8sent des pr\u00e9somptions de corruption graves. Notre source ajoute que l\u2019ancien ministre de la Justice, Tayeb Louh actuellement en prison, a mis sous le coude des dossiers de parlementaires FLN qui devaient\u00a0 voir leur immunit\u00e9 retir\u00e9e pour faire l\u2019objet de poursuites.<\/div>\n<\/div>\n<p>Auteur: R\u00e9flexion<br \/>\n<a href=\"https:\/\/www.reflexiondz.net\/Une-trentaine-de-deputes-et-senateurs-dans-le-collimateur-de-la-Justice_a57502.html\">Cliquez ici pour lire l&rsquo;article depuis sa source.<\/a><\/p>\n","protected":false},"excerpt":{"rendered":"<p>\u00a0La demande de lev\u00e9e de l\u2019immunit\u00e9 parlementaire de Mohamed Djemai ne serait qu\u2019une sorte d\u2019hors-d\u2019\u0153uvre en attendant le plat de r\u00e9sistance\u00a0 pour cette rentr\u00e9e parlementaire bien particuli\u00e8re. Une source judiciaire a d\u00e9clar\u00e9 \u00e0 Alg\u00e9rie1 que pas moins de 27 parlementaires, entre s\u00e9nateurs et d\u00e9put\u00e9s, sont menac\u00e9s de la lev\u00e9e de leur immunit\u00e9 parlementaire dont la [&hellip;]<\/p>\n","protected":false},"author":1740,"featured_media":0,"comment_status":"closed","ping_status":"closed","sticky":false,"template":"","format":"standard","meta":{"fifu_image_url":"","fifu_image_alt":"","footnotes":""},"categories":[53,76],"tags":[],"class_list":["post-60449","post","type-post","status-publish","format-standard","hentry","category-algerie","category-regions"],"_links":{"self":[{"href":"https:\/\/linitiative.ca\/International\/wp-json\/wp\/v2\/posts\/60449","targetHints":{"allow":["GET"]}}],"collection":[{"href":"https:\/\/linitiative.ca\/International\/wp-json\/wp\/v2\/posts"}],"about":[{"href":"https:\/\/linitiative.ca\/International\/wp-json\/wp\/v2\/types\/post"}],"author":[{"embeddable":true,"href":"https:\/\/linitiative.ca\/International\/wp-json\/wp\/v2\/users\/1740"}],"replies":[{"embeddable":true,"href":"https:\/\/linitiative.ca\/International\/wp-json\/wp\/v2\/comments?post=60449"}],"version-history":[{"count":0,"href":"https:\/\/linitiative.ca\/International\/wp-json\/wp\/v2\/posts\/60449\/revisions"}],"wp:attachment":[{"href":"https:\/\/linitiative.ca\/International\/wp-json\/wp\/v2\/media?parent=60449"}],"wp:term":[{"taxonomy":"category","embeddable":true,"href":"https:\/\/linitiative.ca\/International\/wp-json\/wp\/v2\/categories?post=60449"},{"taxonomy":"post_tag","embeddable":true,"href":"https:\/\/linitiative.ca\/International\/wp-json\/wp\/v2\/tags?post=60449"}],"curies":[{"name":"wp","href":"https:\/\/api.w.org\/{rel}","templated":true}]}}