{"id":60450,"date":"2019-09-07T13:30:00","date_gmt":"2019-09-07T17:30:00","guid":{"rendered":"https:\/\/linitiative.ca\/International\/apres-une-eclipse-parti-taj-sort-de-sa-reserve\/"},"modified":"2019-09-07T13:30:00","modified_gmt":"2019-09-07T17:30:00","slug":"apres-une-eclipse-parti-taj-sort-de-sa-reserve","status":"publish","type":"post","link":"https:\/\/linitiative.ca\/International\/apres-une-eclipse-parti-taj-sort-de-sa-reserve\/","title":{"rendered":"Apr\u00e8s une \u00e9clipse, parti TAJ  sort de sa r\u00e9serve !"},"content":{"rendered":"<p><br id=\"sep_para_1\" class=\"sep_para access\"\/><\/p>\n<div id=\"para_1\" class=\"para_32889045 resize\">\n<div class=\"texte access firstletter\">Taj (Tajamou Amal El Jazair) tente de se repositionner sur la sc\u00e8ne politique, il vient de faire sa r\u00e9apparition en organisant sa premi\u00e8re r\u00e9union depuis l\u2019incarc\u00e9ration du pr\u00e9sident du parti, Amar Ghoul, le 18 juillet 2019. Il\u00a0 est sorti\u00a0 enfin de son mutisme\u00a0 jeudi dernier au si\u00e8ge national du parti, son bureau politique, en s\u2019exprimant\u00a0 sur la situation politique actuelle. Comme \u00e0 son accoutum\u00e9e, il\u00a0 a apport\u00e9 son appui \u00e0 la proposition du chef d\u2019\u00e9tat-major et vice-ministre de la d\u00e9fense nationale, pour \u2018\u2019mettre en pratique au plus vite les r\u00e9solutions du dialogue particuli\u00e8rement celles concernant la convocation du corps \u00e9lectoral et la mise en place d\u2019une instance charg\u00e9e de l\u2019organisation et de la surveillance des \u00e9lections\u00bb, lit-on dans un communiqu\u00e9 rendu public. Selon lui, l\u2019organisation d\u2019une \u00e9lection pr\u00e9sidentielle \u00abtransparente\u00bb avant la fin de l\u2019ann\u00e9e c\u2019est r\u00e9pondre aux revendications du peuple afin d\u2019\u00e9viter les dangers de la crise que vit le pays et ses complications.<\/div>\n<\/div>\n<p>Auteur: R\u00e9flexion<br \/>\n<a href=\"https:\/\/www.reflexiondz.net\/Apres-une-eclipse-parti-TAJ-sort-de-sa-reserve-_a57504.html\">Cliquez ici pour lire l&rsquo;article depuis sa source.<\/a><\/p>\n","protected":false},"excerpt":{"rendered":"<p>Taj (Tajamou Amal El Jazair) tente de se repositionner sur la sc\u00e8ne politique, il vient de faire sa r\u00e9apparition en organisant sa premi\u00e8re r\u00e9union depuis l\u2019incarc\u00e9ration du pr\u00e9sident du parti, Amar Ghoul, le 18 juillet 2019. Il\u00a0 est sorti\u00a0 enfin de son mutisme\u00a0 jeudi dernier au si\u00e8ge national du parti, son bureau politique, en s\u2019exprimant\u00a0 [&hellip;]<\/p>\n","protected":false},"author":1740,"featured_media":0,"comment_status":"closed","ping_status":"closed","sticky":false,"template":"","format":"standard","meta":{"fifu_image_url":"","fifu_image_alt":"","footnotes":""},"categories":[53,76],"tags":[],"class_list":["post-60450","post","type-post","status-publish","format-standard","hentry","category-algerie","category-regions"],"_links":{"self":[{"href":"https:\/\/linitiative.ca\/International\/wp-json\/wp\/v2\/posts\/60450","targetHints":{"allow":["GET"]}}],"collection":[{"href":"https:\/\/linitiative.ca\/International\/wp-json\/wp\/v2\/posts"}],"about":[{"href":"https:\/\/linitiative.ca\/International\/wp-json\/wp\/v2\/types\/post"}],"author":[{"embeddable":true,"href":"https:\/\/linitiative.ca\/International\/wp-json\/wp\/v2\/users\/1740"}],"replies":[{"embeddable":true,"href":"https:\/\/linitiative.ca\/International\/wp-json\/wp\/v2\/comments?post=60450"}],"version-history":[{"count":0,"href":"https:\/\/linitiative.ca\/International\/wp-json\/wp\/v2\/posts\/60450\/revisions"}],"wp:attachment":[{"href":"https:\/\/linitiative.ca\/International\/wp-json\/wp\/v2\/media?parent=60450"}],"wp:term":[{"taxonomy":"category","embeddable":true,"href":"https:\/\/linitiative.ca\/International\/wp-json\/wp\/v2\/categories?post=60450"},{"taxonomy":"post_tag","embeddable":true,"href":"https:\/\/linitiative.ca\/International\/wp-json\/wp\/v2\/tags?post=60450"}],"curies":[{"name":"wp","href":"https:\/\/api.w.org\/{rel}","templated":true}]}}