{"id":60451,"date":"2019-09-07T15:34:00","date_gmt":"2019-09-07T19:34:00","guid":{"rendered":"https:\/\/linitiative.ca\/International\/communique-du-comite-international-des-jeux-mediterraneens-cijm\/"},"modified":"2019-09-07T15:34:00","modified_gmt":"2019-09-07T19:34:00","slug":"communique-du-comite-international-des-jeux-mediterraneens-cijm","status":"publish","type":"post","link":"https:\/\/linitiative.ca\/International\/communique-du-comite-international-des-jeux-mediterraneens-cijm\/","title":{"rendered":"Communiqu\u00e9 du Comit\u00e9 international des jeux M\u00e9diterran\u00e9ens (CIJM) :"},"content":{"rendered":"<p><br id=\"sep_para_1\" class=\"sep_para access\"\/><\/p>\n<div id=\"para_1\" class=\"para_32890015 resize\">\n<div class=\"texte access firstletter\">Au nom du Comit\u00e9 international des jeux M\u00e9diterran\u00e9ens, je m\u2019inscris en faux \u00e0 la suite de la parution le 30 ao\u00fbt dans un journal en ligne d\u2019un article, au titre pour le moins surprenant \u00ab L\u2019Alg\u00e9rie pourrait abandonner les JM d\u2019Oran \u00bb. D\u00e9sinformation pure et simple d\u2019un article non sign\u00e9 \u00e9videmment qui rapporte des faits compl\u00e8tement imaginaires puisque je n\u2019ai \u00e0 aucun moment accord\u00e9 d\u2019interview \u00e0 ce m\u00e9dia. L\u2019information publi\u00e9e ne refl\u00e8te aucunement le sentiment du CIJM \u00e0 l\u2019\u00e9gard du Comit\u00e9 d\u2019Organisation d\u2019Oran 2021, et les propos qui me sont pr\u00eat\u00e9s semblent \u00eatre du \u00ab copier-coller \u00bb avec la conf\u00e9rence de presse tenue dans un tout autre contexte il y a plus de 18 mois, \u00e0 savoir le 19 F\u00e9vrier 2018. Ce journal est d\u2019autant moins inform\u00e9 que lors de l\u2019Assembl\u00e9e g\u00e9n\u00e9rale du CIJM le 24 ao\u00fbt dernier \u00e0 Patras (Gr\u00e8ce), une d\u00e9l\u00e9gation du Comit\u00e9 d\u2019organisation des Jeux\u00a0 d\u2019Oran a pr\u00e9sent\u00e9 aux vingt-six pays m\u00e9diterran\u00e9ens membres du CIJM, l\u2019avancement des pr\u00e9paratifs des Jeux M\u00e9diterran\u00e9ens d\u2019Oran 2021. Cette pr\u00e9sentation a pleinement satisfait l\u2019assembl\u00e9e et c\u2019est sous les applaudissements que les repr\u00e9sentants des prochains Jeux M\u00e9diterran\u00e9ens ont quitt\u00e9 l\u2019Assembl\u00e9e G\u00e9n\u00e9rale. Ce genre d\u2019article n\u2019a pour but que d\u2019influer n\u00e9gativement sur un Comit\u00e9 d\u2019Organisation qui s\u2019attelle avec ardeur \u00e0 la r\u00e9cup\u00e9ration du retard accumul\u00e9 lors des ann\u00e9es 2016-2017 et 2018 pour assurer une totale r\u00e9ussite de cette 19\u00e8me \u00e9dition des Jeux M\u00e9diterran\u00e9ens. Une visite de travail de la Commission de Coordination du CIJM est pr\u00e9vue le 17 septembre au si\u00e8ge du Comit\u00e9 d\u2019Organisation \u00e0 Oran pour le suivi habituel du processus de pr\u00e9paration. Une conf\u00e9rence de presse sera organis\u00e9e en fin de travaux pour informer sur l\u2019\u00e9volution des pr\u00e9paratifs, et au besoin lever toute forme d\u2019\u00e9quivoque.\u00a0\u00a0\u00a0\u00a0\u00a0\u00a0\u00a0\u00a0\u00a0\u00a0\u00a0\u00a0\u00a0\u00a0\u00a0\u00a0\u00a0\u00a0\u00a0\u00a0\u00a0\u00a0\u00a0\u00a0\u00a0\u00a0\u00a0\u00a0\u00a0<\/div>\n<\/div>\n<p>Auteur: Amar Addadi, PDT du CIJM<br \/>\n<a href=\"https:\/\/www.reflexiondz.net\/Communique-du-Comite-international-des-jeux-Mediterraneens-CIJM_a57506.html\">Cliquez ici pour lire l&rsquo;article depuis sa source.<\/a><\/p>\n","protected":false},"excerpt":{"rendered":"<p>Au nom du Comit\u00e9 international des jeux M\u00e9diterran\u00e9ens, je m\u2019inscris en faux \u00e0 la suite de la parution le 30 ao\u00fbt dans un journal en ligne d\u2019un article, au titre pour le moins surprenant \u00ab L\u2019Alg\u00e9rie pourrait abandonner les JM d\u2019Oran \u00bb. D\u00e9sinformation pure et simple d\u2019un article non sign\u00e9 \u00e9videmment qui rapporte des faits [&hellip;]<\/p>\n","protected":false},"author":1740,"featured_media":0,"comment_status":"closed","ping_status":"closed","sticky":false,"template":"","format":"standard","meta":{"fifu_image_url":"","fifu_image_alt":"","footnotes":""},"categories":[53,76],"tags":[],"class_list":["post-60451","post","type-post","status-publish","format-standard","hentry","category-algerie","category-regions"],"_links":{"self":[{"href":"https:\/\/linitiative.ca\/International\/wp-json\/wp\/v2\/posts\/60451","targetHints":{"allow":["GET"]}}],"collection":[{"href":"https:\/\/linitiative.ca\/International\/wp-json\/wp\/v2\/posts"}],"about":[{"href":"https:\/\/linitiative.ca\/International\/wp-json\/wp\/v2\/types\/post"}],"author":[{"embeddable":true,"href":"https:\/\/linitiative.ca\/International\/wp-json\/wp\/v2\/users\/1740"}],"replies":[{"embeddable":true,"href":"https:\/\/linitiative.ca\/International\/wp-json\/wp\/v2\/comments?post=60451"}],"version-history":[{"count":0,"href":"https:\/\/linitiative.ca\/International\/wp-json\/wp\/v2\/posts\/60451\/revisions"}],"wp:attachment":[{"href":"https:\/\/linitiative.ca\/International\/wp-json\/wp\/v2\/media?parent=60451"}],"wp:term":[{"taxonomy":"category","embeddable":true,"href":"https:\/\/linitiative.ca\/International\/wp-json\/wp\/v2\/categories?post=60451"},{"taxonomy":"post_tag","embeddable":true,"href":"https:\/\/linitiative.ca\/International\/wp-json\/wp\/v2\/tags?post=60451"}],"curies":[{"name":"wp","href":"https:\/\/api.w.org\/{rel}","templated":true}]}}