{"id":60463,"date":"2019-09-07T09:15:30","date_gmt":"2019-09-07T13:15:30","guid":{"rendered":"https:\/\/linitiative.ca\/International\/crise-mortelle-pour-les-democraties\/"},"modified":"2019-09-07T09:15:30","modified_gmt":"2019-09-07T13:15:30","slug":"crise-mortelle-pour-les-democraties","status":"publish","type":"post","link":"https:\/\/linitiative.ca\/International\/crise-mortelle-pour-les-democraties\/","title":{"rendered":"Crise mortelle pour les d\u00e9mocraties"},"content":{"rendered":"<p><strong>Les populistes ont le m\u00e9rite de d\u00e9voiler les maladies de la d\u00e9mocratie repr\u00e9sentative. Le lib\u00e9ralisme \u00e9conomique, la mondialisation d\u00e9stabilisent les nations.<\/strong><\/p>\n<div class=\"c10\"\/>\n<p>L\u2019Allemagne se pensait pr\u00e9munie contre l\u2019extr\u00eame droite apr\u00e8s Hitler et les souffrances qui ont suivi la seconde guerre mondiale. Mais au moment m\u00eame o\u00f9 le pr\u00e9sident allemand pr\u00e9sentait des excuses au peuple polonais, les \u00e9lecteurs donnaient \u00e0 l\u2019AFD le quart des voix. L\u2019AFD ne se r\u00e9clame pas du Nazisme, en tous cas pas ouvertement, mais il est de l\u2019<strong>extr\u00eame droite<\/strong> pure et dure.<\/p>\n<p>Trump, Boris Johnson, Salvini, voil\u00e0 des personnages qui \u00e9taient impensables aux postes qu\u2019ils occupent il y a dix ans. Et pourtant ils y sont arriv\u00e9s par les urnes comme Hitler par ailleurs.<\/p>\n<p>La <strong>d\u00e9mocratie<\/strong> repr\u00e9sentative a du plomb dans l\u2019aile partout dans le monde. Le m\u00e9contentement ne concerne plus une sensibilit\u00e9 au pouvoir, mais \u00ab le syst\u00e8me \u00bb. Cette notion est importante parce qu\u2019elle renie les bases m\u00eame de la d\u00e9mocratie, cens\u00e9e \u00eatre le moyen de g\u00e9rer les divergences. Elle appara\u00eet aux yeux des peuples, comme un moyen factice pour les \u00e9lites de partager des privil\u00e8ges.<\/p>\n<blockquote class=\"wp-block-quote\">\n<p>La tendance, partout en occident est au rejet du syst\u00e8me d\u00e9mocratique<\/p>\n<\/blockquote>\n<p>Jamais la d\u00e9mocratie n\u2019a connu un tel d\u00e9fi, m\u00eame dans les ann\u00e9es 30 du si\u00e8cle dernier. Le mouvement des gilets jaunes en France est symptomatique de cette crise. Ils ont refus\u00e9 toute repr\u00e9sentation, chass\u00e9 les politiques et les syndicalistes et m\u00eame ceux d\u2019entre eux qui proposaient la moindre organisation. Le mouvement a fini par s\u2019\u00e9teindre, mais la tendance, partout en occident est au rejet du syst\u00e8me d\u00e9mocratique.<\/p>\n<p><strong>La mondialisation\u00a0malheureuse<\/strong><\/p>\n<p>Ceci est la cons\u00e9quence d\u2019une catastrophe \u00e9conomique qui a pour nom la mondialisation. Contrairement \u00e0 la doxa lib\u00e9rale, si elle a cr\u00e9\u00e9 des richesses, elle a aussi rel\u00e9gu\u00e9 des populations qui n\u2019y arrivent plus. Les gouvernements sont impuissants face au march\u00e9. Ils font tous la course \u00e0 la fameuse comp\u00e9titivit\u00e9 et sont oblig\u00e9s de d\u00e9tricoter les syst\u00e8mes de protection sociale, quand ils existent. Les \u00e9lites mondialis\u00e9es apparaissent, aux yeux de ces populations, comme des usurpateurs. Thomas Pikerty avait prouv\u00e9 que jamais les in\u00e9galit\u00e9s sociales n\u2019avaient \u00e9t\u00e9 aussi grandes. Or la pr\u00e9carit\u00e9, l\u2019ub\u00e9risation de l\u2019\u00e9conomie sont devenues des r\u00e8gles universelles. C\u2019est sur ce terreau que surfe le populisme d\u00e9sormais triomphant.<\/p>\n<p>La d\u00e9mocratie repr\u00e9sentative est r\u00e9ellement en danger de mort. Ceux qui sont exclus \u00e9conomiquement ne s\u2019y reconnaissent plus et optent pour la <strong>violence<\/strong>. C\u2019est une tendance qui va s\u2019approfondir parce que le lib\u00e9ralisme fou est antisocial et qu\u2019il r\u00e8gne en ma\u00eetre. Sans changement de cap, le chaos est s\u00fbr.<\/p>\n<div class=\"c17\">\n<fieldset class=\"c16\">\n<legend><strong><span class=\"c11\">Challenge<\/span><span class=\"c12\">news<\/span><\/strong><\/legend>\n<div class=\"c15\">Le meilleur de la r\u00e9daction s\u00e9lectionn\u00e9 par Challenge :<\/p>\n<\/div>\n<\/fieldset>\n<\/div>\n<p>Auteur: Jamal Berraoui<br \/>\n<a href=\"https:\/\/www.challenge.ma\/crise-mortelle-pour-les-democraties-116763\/\">Cliquez ici pour lire l&rsquo;article depuis sa source.<\/a><\/p>\n","protected":false},"excerpt":{"rendered":"<p>Les populistes ont le m\u00e9rite de d\u00e9voiler les maladies de la d\u00e9mocratie repr\u00e9sentative. Le lib\u00e9ralisme \u00e9conomique, la mondialisation d\u00e9stabilisent les nations. L\u2019Allemagne se pensait pr\u00e9munie contre l\u2019extr\u00eame droite apr\u00e8s Hitler et les souffrances qui ont suivi la seconde guerre mondiale. Mais au moment m\u00eame o\u00f9 le pr\u00e9sident allemand pr\u00e9sentait des excuses au peuple polonais, les [&hellip;]<\/p>\n","protected":false},"author":1787,"featured_media":0,"comment_status":"closed","ping_status":"closed","sticky":false,"template":"","format":"standard","meta":{"fifu_image_url":"","fifu_image_alt":"","footnotes":""},"categories":[78,54],"tags":[],"class_list":["post-60463","post","type-post","status-publish","format-standard","hentry","category-economie","category-maroc"],"_links":{"self":[{"href":"https:\/\/linitiative.ca\/International\/wp-json\/wp\/v2\/posts\/60463","targetHints":{"allow":["GET"]}}],"collection":[{"href":"https:\/\/linitiative.ca\/International\/wp-json\/wp\/v2\/posts"}],"about":[{"href":"https:\/\/linitiative.ca\/International\/wp-json\/wp\/v2\/types\/post"}],"author":[{"embeddable":true,"href":"https:\/\/linitiative.ca\/International\/wp-json\/wp\/v2\/users\/1787"}],"replies":[{"embeddable":true,"href":"https:\/\/linitiative.ca\/International\/wp-json\/wp\/v2\/comments?post=60463"}],"version-history":[{"count":0,"href":"https:\/\/linitiative.ca\/International\/wp-json\/wp\/v2\/posts\/60463\/revisions"}],"wp:attachment":[{"href":"https:\/\/linitiative.ca\/International\/wp-json\/wp\/v2\/media?parent=60463"}],"wp:term":[{"taxonomy":"category","embeddable":true,"href":"https:\/\/linitiative.ca\/International\/wp-json\/wp\/v2\/categories?post=60463"},{"taxonomy":"post_tag","embeddable":true,"href":"https:\/\/linitiative.ca\/International\/wp-json\/wp\/v2\/tags?post=60463"}],"curies":[{"name":"wp","href":"https:\/\/api.w.org\/{rel}","templated":true}]}}