{"id":60466,"date":"2019-09-07T14:30:31","date_gmt":"2019-09-07T18:30:31","guid":{"rendered":"https:\/\/linitiative.ca\/International\/tunisie-video-rahoui-le-president-de-la-republique-est-habilite-a-intervenir-dans-tout-ce-qui-concerne-le-citoyen\/"},"modified":"2019-09-07T14:30:31","modified_gmt":"2019-09-07T18:30:31","slug":"tunisie-video-rahoui-le-president-de-la-republique-est-habilite-a-intervenir-dans-tout-ce-qui-concerne-le-citoyen","status":"publish","type":"post","link":"https:\/\/linitiative.ca\/International\/tunisie-video-rahoui-le-president-de-la-republique-est-habilite-a-intervenir-dans-tout-ce-qui-concerne-le-citoyen\/","title":{"rendered":"Tunisie \u2013 VIDEO\u00a0: Rahoui\u00a0: Le pr\u00e9sident de la R\u00e9publique est habilit\u00e9 \u00e0 intervenir dans tout ce qui concerne le citoyen"},"content":{"rendered":"<div class=\"post-cont-in left relative\">\n<div class=\"swp_social_panel swp_horizontal_panel swp_flat_fresh swp_default_full_color swp_individual_full_color swp_other_full_color scale-100 scale-\" data-min-width=\"1100\" data-float-color=\"#ffffff\" data-float=\"none\" data-float-mobile=\"none\" data-transition=\"slide\">\n<div class=\"nc_tweetContainer swp_share_button total_shares total_sharesalt\"><span class=\"swp_count\">3 <span class=\"swp_label\">Partages<\/span><\/span><\/div>\n<\/div>\n<p>Le candidat \u00e0 la pr\u00e9sidentielle, Mongi Rahoui qui tenait, ce samedi, un meeting \u00e0 Sfax, a d\u00e9clar\u00e9 que contrairement \u00e0 ce qui est pr\u00e9tendu par certains, les pr\u00e9rogatives du pr\u00e9sident de la R\u00e9publique sont tr\u00e8s larges et lui permettent d\u2019intervenir dans tout ce qui a trait \u00e0 la vie quotidienne des tunisiens et de leurs probl\u00e8mes.<\/p>\n<p>Il a pris l\u2019exemple de l\u2019\u00e9ducation qui\u00a0au au c\u0153ur des probl\u00e8mes de la s\u00e9curit\u00e9 de l\u2019Etat et qui est du ressort du pr\u00e9sident. Il en est de m\u00eame pour le ch\u00f4mage, a-t-il ajout\u00e9, ainsi que pour les probl\u00e8mes sociaux et \u00e9conomiques des tunisiens, qui sont pourvoyeurs de violence et de conflits.<\/p>\n<div class=\"code-block code-block-1 c4\"><ins class=\"adsbygoogle c3\" data-ad-layout=\"in-article\" data-ad-format=\"fluid\" data-ad-client=\"ca-pub-2102118777505746\" data-ad-slot=\"7301775417\"\/> <\/div>\n<p>Rahoui a ajout\u00e9 que m\u00eame la bonne gouvernance des r\u00e9serves en eau fait partie des pr\u00e9rogatives du pr\u00e9sident de la R\u00e9publique, de m\u00eame que la s\u00e9curit\u00e9 alimentaire qui en d\u00e9coule.<\/p>\n<p>Il a ajout\u00e9 que la situation catastrophique du secteur de la sant\u00e9 est, bien \u00e9videmment, du ressort du pr\u00e9sident de la R\u00e9publique.<\/p>\n<p>Il a annonc\u00e9 que parmi ses priorit\u00e9s, il y a un projet de loi pour permettre aux personnes \u00e0 besoins sp\u00e9cifiques de jouir de tous leurs droits.<\/p>\n<p>Concernant la politique \u00e9trang\u00e8re, il a plaid\u00e9 pour une politique de non ing\u00e9rence et de non participations aux alliances \u00e0 but offensif. Il a r\u00e9it\u00e9r\u00e9 l\u2019importance de la cause arabe et palestinienne \u00e0 ses yeux.<\/p>\n<p>Il est pour une reprise imm\u00e9diate des relations diplomatiques avec la Syrie, sans attendre le feu vert de quiconque\u00a0!<\/p>\n<p>Concernant le probl\u00e8me libyen, il a assur\u00e9 que ce probl\u00e8me est boost\u00e9 par des pressions occidentales et que la Tunisie doit \u0153uvrer \u00e0 r\u00e9tablir la paix sociale dans le pays voisin, en optant pour la solution politique.<\/p>\n<p>Il a insist\u00e9 sur la n\u00e9cessit\u00e9 de r\u00e9activer le projet de l\u2019union du grand Maghreb arabe, avec la libert\u00e9 des d\u00e9placements et des \u00e9changes.<\/p>\n<p>Il faut, a-t-il ajout\u00e9 que nous prospections dans la direction du continent africain auquel nous appartenons. Comme il faut s\u2019\u00e9loigner un peu, du march\u00e9 traditionnel partenaire de la Tunisie, qui est en train de nous dicter des conditions qui sont en cause de notre situation.<\/p>\n<div class=\"code-block code-block-2 c4\"><ins class=\"adsbygoogle c3\" data-ad-layout=\"in-article\" data-ad-format=\"fluid\" data-ad-client=\"ca-pub-2102118777505746\" data-ad-slot=\"7301775417\"\/> <\/div>\n<p>La lutte contre la crise et la d\u00e9linquance fait aussi partie des priorit\u00e9s de Mongi Rahoui.<\/p>\n<p>Il a promis de rouvrir les dossiers importants comme ceux des assassinats politiques, des fili\u00e8res d\u2019envoi des djihadistes et de l\u2019appareil secret d\u2019Ennahdha.<\/p>\n<p><strong>Que se passe-t-il en Tunisie?<\/strong><br \/>Nous expliquons sur notre <a href=\"https:\/\/www.youtube.com\/channel\/UCRzypVq0B_yBad5eGrwBx0Q?sub_confirmation=1\" target=\"_blank\" rel=\"noopener noreferrer\">cha\u00eene YouTube<\/a> . <a href=\"https:\/\/www.youtube.com\/channel\/UCRzypVq0B_yBad5eGrwBx0Q?sub_confirmation=1\" target=\"_blank\" rel=\"noopener noreferrer\">Abonnez-vous!<\/a><\/p>\n<div class=\"mvp-org-wrap mvp-org-logo\" itemprop=\"publisher\" itemscope=\"\" itemtype=\"https:\/\/schema.org\/Organization\">\n<p><img decoding=\"async\" src=\"https:\/\/www.tunisienumerique.com\/wp-content\/uploads\/2017\/02\/logo_tunisie_numerique.png\"\/><\/p>\n<\/div>\n<div class=\"swp_social_panel swp_horizontal_panel swp_flat_fresh swp_default_full_color swp_individual_full_color swp_other_full_color scale-100 scale-\" data-min-width=\"1100\" data-float-color=\"#ffffff\" data-float=\"none\" data-float-mobile=\"none\" data-transition=\"slide\">\n<div class=\"nc_tweetContainer swp_share_button total_shares total_sharesalt\"><span class=\"swp_count\">3 <span class=\"swp_label\">Partages<\/span><\/span><\/div>\n<\/div>\n<div class=\"mvp-related-posts left relative\">\n<h4 class=\"post-header\"><span class=\"post-header\">Lire aussi<\/span><\/h4>\n<\/div>\n<\/div>\n<p>Auteur: LM<br \/>\n<a href=\"https:\/\/www.tunisienumerique.com\/tunisie-video-rahoui-le-president-de-la-republique-est-habilite-a-intervenir-dans-tout-ce-qui-concerne-le-citoyen\/\">Cliquez ici pour lire l&rsquo;article depuis sa source.<\/a><\/p>\n","protected":false},"excerpt":{"rendered":"<p>3 Partages Le candidat \u00e0 la pr\u00e9sidentielle, Mongi Rahoui qui tenait, ce samedi, un meeting \u00e0 Sfax, a d\u00e9clar\u00e9 que contrairement \u00e0 ce qui est pr\u00e9tendu par certains, les pr\u00e9rogatives du pr\u00e9sident de la R\u00e9publique sont tr\u00e8s larges et lui permettent d\u2019intervenir dans tout ce qui a trait \u00e0 la vie quotidienne des tunisiens et [&hellip;]<\/p>\n","protected":false},"author":1789,"featured_media":60467,"comment_status":"closed","ping_status":"closed","sticky":false,"template":"","format":"standard","meta":{"fifu_image_url":"","fifu_image_alt":"","footnotes":""},"categories":[73,55],"tags":[],"class_list":["post-60466","post","type-post","status-publish","format-standard","has-post-thumbnail","hentry","category-actualite","category-tunisie"],"_links":{"self":[{"href":"https:\/\/linitiative.ca\/International\/wp-json\/wp\/v2\/posts\/60466","targetHints":{"allow":["GET"]}}],"collection":[{"href":"https:\/\/linitiative.ca\/International\/wp-json\/wp\/v2\/posts"}],"about":[{"href":"https:\/\/linitiative.ca\/International\/wp-json\/wp\/v2\/types\/post"}],"author":[{"embeddable":true,"href":"https:\/\/linitiative.ca\/International\/wp-json\/wp\/v2\/users\/1789"}],"replies":[{"embeddable":true,"href":"https:\/\/linitiative.ca\/International\/wp-json\/wp\/v2\/comments?post=60466"}],"version-history":[{"count":0,"href":"https:\/\/linitiative.ca\/International\/wp-json\/wp\/v2\/posts\/60466\/revisions"}],"wp:featuredmedia":[{"embeddable":true,"href":"https:\/\/linitiative.ca\/International\/wp-json\/"}],"wp:attachment":[{"href":"https:\/\/linitiative.ca\/International\/wp-json\/wp\/v2\/media?parent=60466"}],"wp:term":[{"taxonomy":"category","embeddable":true,"href":"https:\/\/linitiative.ca\/International\/wp-json\/wp\/v2\/categories?post=60466"},{"taxonomy":"post_tag","embeddable":true,"href":"https:\/\/linitiative.ca\/International\/wp-json\/wp\/v2\/tags?post=60466"}],"curies":[{"name":"wp","href":"https:\/\/api.w.org\/{rel}","templated":true}]}}