{"id":60497,"date":"2019-09-08T07:42:39","date_gmt":"2019-09-08T11:42:39","guid":{"rendered":"https:\/\/linitiative.ca\/International\/alger-les-habitants-du-quartier-haouch-lahmer-de-ain-benian-eclament-la-mise-en-place-de-ralentisseurs\/"},"modified":"2019-09-08T07:42:39","modified_gmt":"2019-09-08T11:42:39","slug":"alger-les-habitants-du-quartier-haouch-lahmer-de-ain-benian-eclament-la-mise-en-place-de-ralentisseurs","status":"publish","type":"post","link":"https:\/\/linitiative.ca\/International\/alger-les-habitants-du-quartier-haouch-lahmer-de-ain-benian-eclament-la-mise-en-place-de-ralentisseurs\/","title":{"rendered":"Alger : les habitants du quartier \u00ab\u00a0Haouch Lahmer\u00a0\u00bb de Ain Benian \u00e9clament la mise en place de ralentisseurs"},"content":{"rendered":"<div>\n<div class=\"K2FeedIntroText\">\n<p><strong>ALGER- Des dizaines d&rsquo;habitants du quartier \u00ab\u00a0Haouch Lahmer-Plateau\u00a0\u00bb de Ain Benian (Alger ouest), ont observ\u00e9, dimanche, un mouvement de protestation, en fermant la route, pour r\u00e9clamer l&rsquo;acc\u00e9l\u00e9ration de l&rsquo;op\u00e9ration d&rsquo;am\u00e9nagement et de bitumage des routes secondaires, outre la mise en place de ralentisseurs pour r\u00e9duire le nombre des accidents de la route qui font plusieurs bless\u00e9s notamment parmi les \u00e9coliers, a-t-on constat\u00e9.<\/strong><\/p>\n<\/div>\n<div class=\"K2FeedFullText\">\n<p>La fermeture de la route par les protestataires a caus\u00e9 une paralysie du trafic routier au niveau du tron\u00e7on Ain Benian-Cheraga de la RN 11, en raison des amas de pierres et d\u00e9chets solides pos\u00e9s ainsi que des pneus de voitures brul\u00e9s, d\u00e9gageant une \u00e9paisse fum\u00e9e noire.<\/p>\n<p>Les protestataires demandent essentiellement l&rsquo;am\u00e9nagement et le bitumage de la route secondaire menant \u00e0 leur quartier, qualifi\u00e9e de point noir et la mise en place de ralentisseurs pour r\u00e9duire les risques d&rsquo;accidents qui menacent notamment les \u00e9coliers.<\/p>\n<p>Le pr\u00e9sident de l&rsquo;APC de Ain Benian, Karim Ibelaiden qui s&rsquo;est d\u00e9plac\u00e9 sur les lieux, afin d&rsquo;engager le dialogue avec les protestataires, et leur a promis de prendre en charge leurs revendications et de leur trouver des solutions pratiques dans les plus brefs d\u00e9lais.<\/p>\n<p>Les protestataires ont quitt\u00e9, par la suite, les lieux, et le trafic routier a repris normalement sur cette route.<\/p>\n<\/div>\n<\/div>\n<p>Auteur:<br \/>\n<a href=\"http:\/\/www.aps.dz\/regions\/94154-alger-les-habitants-du-quartier-haouch-lahmer-de-ain-benian-eclament-la-mise-en-place-de-ralentisseurs\">Cliquez ici pour lire l&rsquo;article depuis sa source.<\/a><\/p>\n","protected":false},"excerpt":{"rendered":"<p>ALGER- Des dizaines d&rsquo;habitants du quartier \u00ab\u00a0Haouch Lahmer-Plateau\u00a0\u00bb de Ain Benian (Alger ouest), ont observ\u00e9, dimanche, un mouvement de protestation, en fermant la route, pour r\u00e9clamer l&rsquo;acc\u00e9l\u00e9ration de l&rsquo;op\u00e9ration d&rsquo;am\u00e9nagement et de bitumage des routes secondaires, outre la mise en place de ralentisseurs pour r\u00e9duire le nombre des accidents de la route qui font plusieurs [&hellip;]<\/p>\n","protected":false},"author":1790,"featured_media":0,"comment_status":"closed","ping_status":"closed","sticky":false,"template":"","format":"standard","meta":{"fifu_image_url":"","fifu_image_alt":"","footnotes":""},"categories":[53,76],"tags":[],"class_list":["post-60497","post","type-post","status-publish","format-standard","hentry","category-algerie","category-regions"],"_links":{"self":[{"href":"https:\/\/linitiative.ca\/International\/wp-json\/wp\/v2\/posts\/60497","targetHints":{"allow":["GET"]}}],"collection":[{"href":"https:\/\/linitiative.ca\/International\/wp-json\/wp\/v2\/posts"}],"about":[{"href":"https:\/\/linitiative.ca\/International\/wp-json\/wp\/v2\/types\/post"}],"author":[{"embeddable":true,"href":"https:\/\/linitiative.ca\/International\/wp-json\/wp\/v2\/users\/1790"}],"replies":[{"embeddable":true,"href":"https:\/\/linitiative.ca\/International\/wp-json\/wp\/v2\/comments?post=60497"}],"version-history":[{"count":0,"href":"https:\/\/linitiative.ca\/International\/wp-json\/wp\/v2\/posts\/60497\/revisions"}],"wp:attachment":[{"href":"https:\/\/linitiative.ca\/International\/wp-json\/wp\/v2\/media?parent=60497"}],"wp:term":[{"taxonomy":"category","embeddable":true,"href":"https:\/\/linitiative.ca\/International\/wp-json\/wp\/v2\/categories?post=60497"},{"taxonomy":"post_tag","embeddable":true,"href":"https:\/\/linitiative.ca\/International\/wp-json\/wp\/v2\/tags?post=60497"}],"curies":[{"name":"wp","href":"https:\/\/api.w.org\/{rel}","templated":true}]}}