{"id":60511,"date":"2019-09-08T15:13:59","date_gmt":"2019-09-08T19:13:59","guid":{"rendered":"https:\/\/linitiative.ca\/International\/ligue-des-champions-ldc-le-nouveau-format-attendra\/"},"modified":"2019-09-08T15:13:59","modified_gmt":"2019-09-08T19:13:59","slug":"ligue-des-champions-ldc-le-nouveau-format-attendra","status":"publish","type":"post","link":"https:\/\/linitiative.ca\/International\/ligue-des-champions-ldc-le-nouveau-format-attendra\/","title":{"rendered":"Ligue des Champions : LdC: le nouveau format attendra"},"content":{"rendered":"<div readability=\"32\">\n<p>Auteur : <span class=\"time\">dimanche 08 septembre 2019 17:01<\/span><\/p>\n<\/div>\n<div id=\"post_core\" readability=\"38\">\n<p>La Ligue des Champions nouvelle version ce n\u2019est pas encore pour tout de suite. Alors que le nouveau format devait \u00eatre ent\u00e9rin\u00e9 la semaine prochaine, la r\u00e9forme de la coupe aux grandes oreilles a \u00e9t\u00e9 ajourn\u00e9e \u00e0 la fin de l\u2019ann\u00e9e 2020 dans le meilleur des cas. Pour rappel, l\u2019ECA (l\u2019Association europ\u00e9enne des clubs) avait propos\u00e9 une ligue quasi ferm\u00e9e \u00e0 partir de 2024. Celle-ci s\u2019appuyait sur quatre groupes de huit \u00e9quipes. Un nouveau format qui a suscit\u00e9 la d\u00e9fiance des diff\u00e9rentes f\u00e9d\u00e9rations. La prochaine r\u00e9union initialement pr\u00e9vue le 11 septembre, a \u00e9t\u00e9 d\u00e9plac\u00e9e \u00e0 fin octobre r\u00e9v\u00e8le ainsi le Journal du Dimanche. Cette derni\u00e8re se d\u00e9roulera au si\u00e8ge de l\u2019UEFA \u00e0 Nyon (Suisse) avec l\u2019association des Ligues professionnelles et l\u2019Association europ\u00e9enne des clubs rapporte Foot Mercato.<\/p>\n<p><strong>Publi\u00e9 dans :<\/strong> <span>ldc<\/span><\/p>\n<\/div>\n<p>Auteur:<br \/>\n<a href=\"http:\/\/www.lebuteur.com\/article\/detail?titre=ldc-le-nouveau-format-attendra&#038;id=91570&#038;utm_source=feedburner&#038;utm_medium=feed&#038;utm_campaign=Feed%3A+GalerieFArtciles+%28Les+derniers+articles++-+lebuteur.com%29\">Cliquez ici pour lire l&rsquo;article depuis sa source.<\/a><\/p>\n","protected":false},"excerpt":{"rendered":"<p>Auteur : dimanche 08 septembre 2019 17:01 La Ligue des Champions nouvelle version ce n\u2019est pas encore pour tout de suite. Alors que le nouveau format devait \u00eatre ent\u00e9rin\u00e9 la semaine prochaine, la r\u00e9forme de la coupe aux grandes oreilles a \u00e9t\u00e9 ajourn\u00e9e \u00e0 la fin de l\u2019ann\u00e9e 2020 dans le meilleur des cas. Pour [&hellip;]<\/p>\n","protected":false},"author":1738,"featured_media":60512,"comment_status":"closed","ping_status":"closed","sticky":false,"template":"","format":"standard","meta":{"fifu_image_url":"","fifu_image_alt":"","footnotes":""},"categories":[53,75],"tags":[],"class_list":["post-60511","post","type-post","status-publish","format-standard","has-post-thumbnail","hentry","category-algerie","category-sport"],"_links":{"self":[{"href":"https:\/\/linitiative.ca\/International\/wp-json\/wp\/v2\/posts\/60511","targetHints":{"allow":["GET"]}}],"collection":[{"href":"https:\/\/linitiative.ca\/International\/wp-json\/wp\/v2\/posts"}],"about":[{"href":"https:\/\/linitiative.ca\/International\/wp-json\/wp\/v2\/types\/post"}],"author":[{"embeddable":true,"href":"https:\/\/linitiative.ca\/International\/wp-json\/wp\/v2\/users\/1738"}],"replies":[{"embeddable":true,"href":"https:\/\/linitiative.ca\/International\/wp-json\/wp\/v2\/comments?post=60511"}],"version-history":[{"count":0,"href":"https:\/\/linitiative.ca\/International\/wp-json\/wp\/v2\/posts\/60511\/revisions"}],"wp:featuredmedia":[{"embeddable":true,"href":"https:\/\/linitiative.ca\/International\/wp-json\/"}],"wp:attachment":[{"href":"https:\/\/linitiative.ca\/International\/wp-json\/wp\/v2\/media?parent=60511"}],"wp:term":[{"taxonomy":"category","embeddable":true,"href":"https:\/\/linitiative.ca\/International\/wp-json\/wp\/v2\/categories?post=60511"},{"taxonomy":"post_tag","embeddable":true,"href":"https:\/\/linitiative.ca\/International\/wp-json\/wp\/v2\/tags?post=60511"}],"curies":[{"name":"wp","href":"https:\/\/api.w.org\/{rel}","templated":true}]}}