{"id":60513,"date":"2019-09-08T15:14:00","date_gmt":"2019-09-08T19:14:00","guid":{"rendered":"https:\/\/linitiative.ca\/International\/pros-malaga-clarifie-la-situation-de-benkhemassa\/"},"modified":"2019-09-08T15:14:00","modified_gmt":"2019-09-08T19:14:00","slug":"pros-malaga-clarifie-la-situation-de-benkhemassa","status":"publish","type":"post","link":"https:\/\/linitiative.ca\/International\/pros-malaga-clarifie-la-situation-de-benkhemassa\/","title":{"rendered":"Pros : Malaga clarifie la situation de Benkhemassa"},"content":{"rendered":"<div readability=\"32\">\n<p>Auteur : <span class=\"time\">dimanche 08 septembre 2019 17:24<\/span><\/p>\n<\/div>\n<div id=\"post_core\" readability=\"49\">\n<p>En effet, Malaga n&rsquo;a pas r\u00e9ussi \u00e0 qualifier Benkhemassa pour la rencontre face \u00e0 Almeria. Le club espagnol a diffus\u00e9\u00a0ce dimanche un communiqu\u00e9 dans lequel il explique ce qui s&rsquo;est produit avec le transfert de l&rsquo;international alg\u00e9rien.<\/p>\n<p>Selon ce communiqu\u00e9, l&rsquo;USMA n&rsquo;a pas compl\u00e9t\u00e9 \u00e0 temps les documents n\u00e9cessaires au transfert du joueur. De ce fait, Malaga a d\u00fb recourir \u00e0 la FIFA pour un certificat de transfert exceptionnel. L&rsquo;instance internationale n&rsquo;a accept\u00e9 cette demande que le vendredi. Seulement, la f\u00e9d\u00e9ration alg\u00e9rienne a du attendre jeudi pour transmettre le document n\u00e9cessaire \u00e9tant donn\u00e9 que le week-end en Alg\u00e9rie tombe le vendredi et samedi.<\/p>\n<p>\u00ab\u00a0Malaga a contact\u00e9 la f\u00e9d\u00e9ration pour tenter de r\u00e9gler le probl\u00e8me, mais la solution n&rsquo;a pu \u00eatre trouv\u00e9e \u00e0 temps pour que le joueur participe \u00e0 la rencontre face \u00e0 Almeira\u00a0\u00bb, conclu le club espagnol dans son communiqu\u00e9.<\/p>\n<p><strong>Publi\u00e9 dans :<\/strong> <span>Malaga<\/span><\/p>\n<\/div>\n<p>Auteur:<br \/>\n<a href=\"http:\/\/www.lebuteur.com\/article\/detail?titre=malaga-clarifie-la-situation-de-benkhemassa&#038;id=91571&#038;utm_source=feedburner&#038;utm_medium=feed&#038;utm_campaign=Feed%3A+GalerieFArtciles+%28Les+derniers+articles++-+lebuteur.com%29\">Cliquez ici pour lire l&rsquo;article depuis sa source.<\/a><\/p>\n","protected":false},"excerpt":{"rendered":"<p>Auteur : dimanche 08 septembre 2019 17:24 En effet, Malaga n&rsquo;a pas r\u00e9ussi \u00e0 qualifier Benkhemassa pour la rencontre face \u00e0 Almeria. Le club espagnol a diffus\u00e9\u00a0ce dimanche un communiqu\u00e9 dans lequel il explique ce qui s&rsquo;est produit avec le transfert de l&rsquo;international alg\u00e9rien. Selon ce communiqu\u00e9, l&rsquo;USMA n&rsquo;a pas compl\u00e9t\u00e9 \u00e0 temps les documents [&hellip;]<\/p>\n","protected":false},"author":1738,"featured_media":60514,"comment_status":"closed","ping_status":"closed","sticky":false,"template":"","format":"standard","meta":{"fifu_image_url":"","fifu_image_alt":"","footnotes":""},"categories":[53,75],"tags":[],"class_list":["post-60513","post","type-post","status-publish","format-standard","has-post-thumbnail","hentry","category-algerie","category-sport"],"_links":{"self":[{"href":"https:\/\/linitiative.ca\/International\/wp-json\/wp\/v2\/posts\/60513","targetHints":{"allow":["GET"]}}],"collection":[{"href":"https:\/\/linitiative.ca\/International\/wp-json\/wp\/v2\/posts"}],"about":[{"href":"https:\/\/linitiative.ca\/International\/wp-json\/wp\/v2\/types\/post"}],"author":[{"embeddable":true,"href":"https:\/\/linitiative.ca\/International\/wp-json\/wp\/v2\/users\/1738"}],"replies":[{"embeddable":true,"href":"https:\/\/linitiative.ca\/International\/wp-json\/wp\/v2\/comments?post=60513"}],"version-history":[{"count":0,"href":"https:\/\/linitiative.ca\/International\/wp-json\/wp\/v2\/posts\/60513\/revisions"}],"wp:featuredmedia":[{"embeddable":true,"href":"https:\/\/linitiative.ca\/International\/wp-json\/"}],"wp:attachment":[{"href":"https:\/\/linitiative.ca\/International\/wp-json\/wp\/v2\/media?parent=60513"}],"wp:term":[{"taxonomy":"category","embeddable":true,"href":"https:\/\/linitiative.ca\/International\/wp-json\/wp\/v2\/categories?post=60513"},{"taxonomy":"post_tag","embeddable":true,"href":"https:\/\/linitiative.ca\/International\/wp-json\/wp\/v2\/tags?post=60513"}],"curies":[{"name":"wp","href":"https:\/\/api.w.org\/{rel}","templated":true}]}}