{"id":60515,"date":"2019-09-08T15:14:01","date_gmt":"2019-09-08T19:14:01","guid":{"rendered":"https:\/\/linitiative.ca\/International\/international-man-city-la-reponse-de-phil-foden-a-guardiola\/"},"modified":"2019-09-08T15:14:01","modified_gmt":"2019-09-08T19:14:01","slug":"international-man-city-la-reponse-de-phil-foden-a-guardiola","status":"publish","type":"post","link":"https:\/\/linitiative.ca\/International\/international-man-city-la-reponse-de-phil-foden-a-guardiola\/","title":{"rendered":"International : Man City : La r\u00e9ponse de Phil Foden \u00e0 Guardiola"},"content":{"rendered":"<div readability=\"32\">\n<p>Auteur : <span class=\"time\">dimanche 08 septembre 2019 19:13<\/span><\/p>\n<\/div>\n<div id=\"post_core\" readability=\"43\">\n<p>Alors qu\u2019il a brill\u00e9 lors de la victoire des espoirs anglais face \u00e0 la Turquie (3-2), il a \u00e9t\u00e9 interrog\u00e9 sur les propos de son entra\u00eeneur :<\/p>\n<p>\u00ab\u00a0Il a ses opinions mais moi je reste moi-m\u00eame. Je sais juste que je suis pr\u00eat \u00e0 jouer. Je le sens. J\u2019essaye de lui montrer tous les jours \u00e0 l\u2019entra\u00eenement. Ce serait bien que Pep ait regard\u00e9 le match contre la Turquie mais peut-\u00eatre qu\u2019il a pris un peu de repos pour jouer au golf. Je ne lui en voudrais pas\u00a0\u00bb, a lanc\u00e9 le milieu de terrain de 19 ans comme le rapporte Footmercato. Des d\u00e9clarations peut-\u00eatre anodines, mais qui font parler en Angleterre.<\/p>\n<p><strong>Publi\u00e9 dans :<\/strong> <span>Manchester City<\/span><\/p>\n<\/div>\n<p>Auteur:<br \/>\n<a href=\"http:\/\/www.lebuteur.com\/article\/detail?titre=man-city-la-reponse-de-phil-foden-a-guardiola&#038;id=91572&#038;utm_source=feedburner&#038;utm_medium=feed&#038;utm_campaign=Feed%3A+GalerieFArtciles+%28Les+derniers+articles++-+lebuteur.com%29\">Cliquez ici pour lire l&rsquo;article depuis sa source.<\/a><\/p>\n","protected":false},"excerpt":{"rendered":"<p>Auteur : dimanche 08 septembre 2019 19:13 Alors qu\u2019il a brill\u00e9 lors de la victoire des espoirs anglais face \u00e0 la Turquie (3-2), il a \u00e9t\u00e9 interrog\u00e9 sur les propos de son entra\u00eeneur : \u00ab\u00a0Il a ses opinions mais moi je reste moi-m\u00eame. Je sais juste que je suis pr\u00eat \u00e0 jouer. Je le sens. [&hellip;]<\/p>\n","protected":false},"author":1738,"featured_media":60516,"comment_status":"closed","ping_status":"closed","sticky":false,"template":"","format":"standard","meta":{"fifu_image_url":"","fifu_image_alt":"","footnotes":""},"categories":[53,75],"tags":[],"class_list":["post-60515","post","type-post","status-publish","format-standard","has-post-thumbnail","hentry","category-algerie","category-sport"],"_links":{"self":[{"href":"https:\/\/linitiative.ca\/International\/wp-json\/wp\/v2\/posts\/60515","targetHints":{"allow":["GET"]}}],"collection":[{"href":"https:\/\/linitiative.ca\/International\/wp-json\/wp\/v2\/posts"}],"about":[{"href":"https:\/\/linitiative.ca\/International\/wp-json\/wp\/v2\/types\/post"}],"author":[{"embeddable":true,"href":"https:\/\/linitiative.ca\/International\/wp-json\/wp\/v2\/users\/1738"}],"replies":[{"embeddable":true,"href":"https:\/\/linitiative.ca\/International\/wp-json\/wp\/v2\/comments?post=60515"}],"version-history":[{"count":0,"href":"https:\/\/linitiative.ca\/International\/wp-json\/wp\/v2\/posts\/60515\/revisions"}],"wp:featuredmedia":[{"embeddable":true,"href":"https:\/\/linitiative.ca\/International\/wp-json\/"}],"wp:attachment":[{"href":"https:\/\/linitiative.ca\/International\/wp-json\/wp\/v2\/media?parent=60515"}],"wp:term":[{"taxonomy":"category","embeddable":true,"href":"https:\/\/linitiative.ca\/International\/wp-json\/wp\/v2\/categories?post=60515"},{"taxonomy":"post_tag","embeddable":true,"href":"https:\/\/linitiative.ca\/International\/wp-json\/wp\/v2\/tags?post=60515"}],"curies":[{"name":"wp","href":"https:\/\/api.w.org\/{rel}","templated":true}]}}