{"id":60519,"date":"2019-09-07T20:00:00","date_gmt":"2019-09-08T00:00:00","guid":{"rendered":"https:\/\/linitiative.ca\/International\/dans-la-lucarne-la-riposte-de%e2%80%88belmadi\/"},"modified":"2019-09-07T20:00:00","modified_gmt":"2019-09-08T00:00:00","slug":"dans-la-lucarne-la-riposte-de%e2%80%88belmadi","status":"publish","type":"post","link":"https:\/\/linitiative.ca\/International\/dans-la-lucarne-la-riposte-de%e2%80%88belmadi\/","title":{"rendered":"DANS LA LUCARNE : La riposte de\u2008Belmadi"},"content":{"rendered":"<p>On a rarement vu un coach avoir le \u00abdos rond\u00bb comme le s\u00e9lectionneur alg\u00e9rien Djamel Belmadi. Il a \u00e9t\u00e9 \u00abmatraqu\u00e9\u00bb par certains avant qu&rsquo;il ne prenne la s\u00e9lection nationale, pendant la CAN et surtout apr\u00e8s. Les sp\u00e9cialistes n&rsquo;avaient rien compris \u00e0 une telle attitude qui frise la m\u00e9chancet\u00e9 gratuite, voire une jalousie \u00abmaladive\u00bb que personne ne peut expliquer. On \u00abnage\u00bb en plein \u00abnombrilisme\u00bb et narcissisme&#8230; C&rsquo;est-\u00e0-dire que, quelque part, on veut transmettre un message assez clair : \u00abon d\u00e9tient la science diffuse et apr\u00e8s nous, le d\u00e9luge \u00ab. Pourtant, le coach national, qui avait pris ses fonctions \u00e0 la t\u00eate de l&rsquo;\u00e9quipe nationale le 02 ao\u00fbt 2018, n&rsquo;avait pas b\u00e9n\u00e9fici\u00e9 de temps suffisant . Depuis, il y a lieu de saluer bien bas le travail qu&rsquo;il vient d&rsquo;accomplir, mais surtout la cons\u00e9cration qui a \u00e9t\u00e9 la sienne avec un groupe qu&rsquo;il avait m\u00e9tamorphos\u00e9 en un laps de temps tr\u00e8s court. Pour un d\u00e9but, ce fut un coup de ma\u00eetre. Car, il aime son pays. Il avait laiss\u00e9 beaucoup d&rsquo;argent et a opt\u00e9 pour la s\u00e9lection alg\u00e9rienne. L\u00e0, rares sont ceux qui allaient faire comme lui. Il voulait vraiment gagner quelque chose de grandiose et il l&rsquo;a obtenue. Pourtant, la composante de la s\u00e9lection nationale n&rsquo;avait pas tellement chang\u00e9 \u00e0 quelques \u00e9l\u00e9ments pr\u00e8s. Ce qu&rsquo;il a r\u00e9ussi avec son groupe, c&rsquo;est un r\u00e9sultat retentissant dont on a oubli\u00e9 le go\u00fbt depuis la CAN organis\u00e9e et remport\u00e9e chez nous en 1990 face au Nigeria. Depuis, c&rsquo;est la d\u00e8che ! Normalment, on aurait d\u00fb l&#8217;embrasser sur la t\u00eate comme le grand vainqueur. Ce qui intrigue vraiment, c&rsquo;est que certains n&rsquo;ont pas \u00e9t\u00e9 contents par la performance \u00abgigantesque\u00bb de notre \u00e9quipe nationale. Les raisons profondes expliquant cette attitude qui fait qu&rsquo;on critique tout, m\u00eame si on arrive \u00e0 faire des miracles. Le fait de jeter le \u00ab b\u00e9b\u00e9 avec l&rsquo;eau du bain\u00bb pour le plaisir de le faire nous laisse songeurs. Car, partant de ce constat, certains ne veulent pas que notre \u00e9quipe nationale r\u00e9ussisse. On a l&rsquo;impression que pour eux, le football alg\u00e9rien ne doit plus se \u00ablib\u00e9rer de son pass\u00e9 \u00ab. C&rsquo;est-\u00e0-dire que tous ceux qui veulent amorcer un changement qualitatif pour le bien de notre football seront \u00abviolemment\u00bb attaqu\u00e9s de toutes parts. Ce n&rsquo;est pas normal ni juste ! Belmadi a compris la \u00abchansonnette\u00bb. C&rsquo;est pour cette raison que, lors de sa derni\u00e8re conf\u00e9rence de presse, tenue \u00e0 Sidi Moussa\u2014 la premi\u00e8re depuis notre victoire finale en coupe d&rsquo;Afrique au Caire le 19 juillet 2019\u2014 Belmadi n&rsquo;a pas \u00e9t\u00e9 tendre avec certains qu&rsquo;il n&rsquo;a pas nomm\u00e9s. Il a parl\u00e9 et a mis tous le monde devant ses responsabilit\u00e9s. Il n&rsquo;\u00e9tait pas \u00e9vasif avec ceux qui \u00abtirent sur tout ce qui bouge\u00bb. Il n&rsquo;avait pas mis de \u00abgants\u00bb en les mena\u00e7ants de d\u00e9voiler les noms, m\u00eame si ils sont connus. On esp\u00e8re seulement que tout rentrera dans l&rsquo;ordre pour que tout le monde puisse travailler dans la s\u00e9r\u00e9nit\u00e9.<\/p>\n<p><strong>Hamid Gharbi<\/strong><\/p>\n<p>Auteur: elmoudjahid<br \/>\n<a href=\"http:\/\/www.elmoudjahid.com\/fr\/actualites\/141757\">Cliquez ici pour lire l&rsquo;article depuis sa source.<\/a><\/p>\n","protected":false},"excerpt":{"rendered":"<p>On a rarement vu un coach avoir le \u00abdos rond\u00bb comme le s\u00e9lectionneur alg\u00e9rien Djamel Belmadi. Il a \u00e9t\u00e9 \u00abmatraqu\u00e9\u00bb par certains avant qu&rsquo;il ne prenne la s\u00e9lection nationale, pendant la CAN et surtout apr\u00e8s. Les sp\u00e9cialistes n&rsquo;avaient rien compris \u00e0 une telle attitude qui frise la m\u00e9chancet\u00e9 gratuite, voire une jalousie \u00abmaladive\u00bb que personne [&hellip;]<\/p>\n","protected":false},"author":1744,"featured_media":0,"comment_status":"closed","ping_status":"closed","sticky":false,"template":"","format":"standard","meta":{"fifu_image_url":"","fifu_image_alt":"","footnotes":""},"categories":[73,53],"tags":[],"class_list":["post-60519","post","type-post","status-publish","format-standard","hentry","category-actualite","category-algerie"],"_links":{"self":[{"href":"https:\/\/linitiative.ca\/International\/wp-json\/wp\/v2\/posts\/60519","targetHints":{"allow":["GET"]}}],"collection":[{"href":"https:\/\/linitiative.ca\/International\/wp-json\/wp\/v2\/posts"}],"about":[{"href":"https:\/\/linitiative.ca\/International\/wp-json\/wp\/v2\/types\/post"}],"author":[{"embeddable":true,"href":"https:\/\/linitiative.ca\/International\/wp-json\/wp\/v2\/users\/1744"}],"replies":[{"embeddable":true,"href":"https:\/\/linitiative.ca\/International\/wp-json\/wp\/v2\/comments?post=60519"}],"version-history":[{"count":0,"href":"https:\/\/linitiative.ca\/International\/wp-json\/wp\/v2\/posts\/60519\/revisions"}],"wp:attachment":[{"href":"https:\/\/linitiative.ca\/International\/wp-json\/wp\/v2\/media?parent=60519"}],"wp:term":[{"taxonomy":"category","embeddable":true,"href":"https:\/\/linitiative.ca\/International\/wp-json\/wp\/v2\/categories?post=60519"},{"taxonomy":"post_tag","embeddable":true,"href":"https:\/\/linitiative.ca\/International\/wp-json\/wp\/v2\/tags?post=60519"}],"curies":[{"name":"wp","href":"https:\/\/api.w.org\/{rel}","templated":true}]}}