{"id":60520,"date":"2019-09-07T20:00:00","date_gmt":"2019-09-08T00:00:00","guid":{"rendered":"https:\/\/linitiative.ca\/International\/etat-sahraoui-de-victoire-en-victoire\/"},"modified":"2019-09-07T20:00:00","modified_gmt":"2019-09-08T00:00:00","slug":"etat-sahraoui-de-victoire-en-victoire","status":"publish","type":"post","link":"https:\/\/linitiative.ca\/International\/etat-sahraoui-de-victoire-en-victoire\/","title":{"rendered":"\u00e9tat sahraoui :  De victoire en victoire"},"content":{"rendered":"<p>Le ministre sahraoui des Affaires \u00e9trang\u00e8res, Mohamed Salem Ould Salek, a estim\u00e9, hier \u00e0 Alger, que les acquis r\u00e9alis\u00e9s en faveur de la cause sahraouie, lors de la 7e Conf\u00e9rence internationale de Tokyo sur le d\u00e9veloppement de l&rsquo;Afrique (TICAD7), \u00e9taient une victoire et une le\u00e7on qui d\u00e9notent la place de l&rsquo;\u00c9tat sahraoui au sein de l&rsquo;Union africaine.\u00a0 \u00a0<\/p>\n<div readability=\"47\">\n<p>\u00ab\u00a0Cette victoire refl\u00e8te la place de la R\u00e9publique arabe sahraouie et d\u00e9mocratique dans les conf\u00e9rences internationales et les sommets mondiaux dans le cadre du partenariat, ainsi que son glorieux\u00a0 \u00a0parcours d\u00e9sormais irr\u00e9versible pour occuper la place qui lui sied parmi\u00a0 \u00a0les nations et dans le cadre de l&rsquo;ONU et le Maroc n&rsquo;y peut rien face \u00e0 cet\u00a0 \u00a0\u00e9lan sahraoui\u00a0\u00bb, a indiqu\u00e9 M. Ould Salek qui s&rsquo;exprimait \u00e0 la t\u00e9l\u00e9vision sahraouie. Dans le m\u00eame entretien qui portait sur la derni\u00e8re conf\u00e9rence internationale tenue au Japon (du 28 au 30 ao\u00fbt dernier) et la bataille que le Maroc a men\u00e9e, de concert avec le Japon, dans une tentative d&rsquo;exclure la RASD de la r\u00e9union, M. Ould Salek a qualifi\u00e9 cette bataille d'\u00a0\u00bb\u00e9chec cuisant essuy\u00e9\u00a0\u00bb, \u00e0 la faveur de l&rsquo;attachement de l&rsquo;UA \u00e0 sa position concernant la cause sahraouie.\u00a0<\/p>\n<p><strong>\u00ab\u00a0Vaines tentatives marocaines\u00a0\u00bb<\/strong><\/p>\n<p>\u00ab\u00a0La conf\u00e9rence constituait une victoire pour l&rsquo;Afrique, apr\u00e8s que l&rsquo;UA a demand\u00e9 au Japon de choisir entre le respect de l&rsquo;organisation continentale, en acceptant la participation de tous les pays africains, y compris la RASD aux c\u00f4t\u00e9s du Maroc, et la non-tenue de la Conf\u00e9rence, voire la fin du partenariat avec le Japon\u00a0\u00bb, a encore indiqu\u00e9 M. Ould Salek. Rappelant les tentatives pr\u00e9c\u00e9dentes du Japon, dont l&rsquo;une \u00e0 Maputo (Mozambique) en 2017 et l&rsquo;autre \u00e0 Tokyo en octobre 2018, le chef de la diplomatie sahraouie a affirm\u00e9 que lors de la conf\u00e9rence de\u00a0 \u00a0Yokohama, \u00ab\u00a0le Japon s&rsquo;est rendu compte que la d\u00e9marche de l&rsquo;UA d&rsquo;imposer sa politique et son respect de la part de ses partenaires, constitue\u00a0 \u00a0d\u00e9sormais un pr\u00e9alable pour toute participation\u00a0\u00bb.\u00a0 \u00a0L&rsquo;UA avait \u0153uvr\u00e9, des mois durant, lors de la pr\u00e9paration de la conf\u00e9rence TICAD7 aussi bien \u00e0 Tokyo qu&rsquo;\u00e0 Addis-Abeba, \u00e0 informer le Japon de la possibilit\u00e9 d&rsquo;\u00e9tablir des partenariats, \u00e0 condition de respecter la position africaine, a soulign\u00e9 M. Ould Salek.\u00a0 \u00ab\u00a0Toutes les tentatives men\u00e9es par le Maroc et le Japon ont \u00e9t\u00e9 vou\u00e9es \u00e0\u00a0 \u00a0l&rsquo;\u00e9chec, et ce dernier a pris conscience que l&rsquo;Afrique et ses dirigeants\u00a0 \u00a0sont d\u00e9termin\u00e9s \u00e0 aller de l&rsquo;avant en ce qui concerne l&rsquo;application de\u00a0 \u00a0l&rsquo;Agenda africain 2063, d\u00e9finissant la voie africaine de d\u00e9veloppement, \u00e0 la faveur de laquelle l&rsquo;UA tend \u00e0 \u00e9tablir des coop\u00e9rations\u00a0\u00bb.\u00a0 \u00a0 \u00a0 \u00a0 \u00a0 \u00a0 \u00a0 \u00a0 \u00a0<\/p>\n<p>Le chef de la diplomatie sahraouie a estim\u00e9 que le sommet du Japon avait servi de le\u00e7on au Maroc, en ce sens que ce dernier a su que toutes ses tentatives pour se d\u00e9rober \u00e0 ses engagements et gagner du temps \u00e9taient vaines et allaient avoir des retomb\u00e9es n\u00e9gatives sur le peuple marocain\u00a0\u00bb.\u00a0 \u00a0<\/p>\n<\/div>\n<p>Auteur: elmoudjahid<br \/>\n<a href=\"http:\/\/www.elmoudjahid.com\/fr\/actualites\/141758\">Cliquez ici pour lire l&rsquo;article depuis sa source.<\/a><\/p>\n","protected":false},"excerpt":{"rendered":"<p>Le ministre sahraoui des Affaires \u00e9trang\u00e8res, Mohamed Salem Ould Salek, a estim\u00e9, hier \u00e0 Alger, que les acquis r\u00e9alis\u00e9s en faveur de la cause sahraouie, lors de la 7e Conf\u00e9rence internationale de Tokyo sur le d\u00e9veloppement de l&rsquo;Afrique (TICAD7), \u00e9taient une victoire et une le\u00e7on qui d\u00e9notent la place de l&rsquo;\u00c9tat sahraoui au sein de [&hellip;]<\/p>\n","protected":false},"author":1744,"featured_media":0,"comment_status":"closed","ping_status":"closed","sticky":false,"template":"","format":"standard","meta":{"fifu_image_url":"","fifu_image_alt":"","footnotes":""},"categories":[73,53],"tags":[],"class_list":["post-60520","post","type-post","status-publish","format-standard","hentry","category-actualite","category-algerie"],"_links":{"self":[{"href":"https:\/\/linitiative.ca\/International\/wp-json\/wp\/v2\/posts\/60520","targetHints":{"allow":["GET"]}}],"collection":[{"href":"https:\/\/linitiative.ca\/International\/wp-json\/wp\/v2\/posts"}],"about":[{"href":"https:\/\/linitiative.ca\/International\/wp-json\/wp\/v2\/types\/post"}],"author":[{"embeddable":true,"href":"https:\/\/linitiative.ca\/International\/wp-json\/wp\/v2\/users\/1744"}],"replies":[{"embeddable":true,"href":"https:\/\/linitiative.ca\/International\/wp-json\/wp\/v2\/comments?post=60520"}],"version-history":[{"count":0,"href":"https:\/\/linitiative.ca\/International\/wp-json\/wp\/v2\/posts\/60520\/revisions"}],"wp:attachment":[{"href":"https:\/\/linitiative.ca\/International\/wp-json\/wp\/v2\/media?parent=60520"}],"wp:term":[{"taxonomy":"category","embeddable":true,"href":"https:\/\/linitiative.ca\/International\/wp-json\/wp\/v2\/categories?post=60520"},{"taxonomy":"post_tag","embeddable":true,"href":"https:\/\/linitiative.ca\/International\/wp-json\/wp\/v2\/tags?post=60520"}],"curies":[{"name":"wp","href":"https:\/\/api.w.org\/{rel}","templated":true}]}}