{"id":60524,"date":"2019-09-08T07:00:55","date_gmt":"2019-09-08T11:00:55","guid":{"rendered":"https:\/\/linitiative.ca\/International\/94147-ligue-1-abdelkader-iiache-nouvel-entraineur-de-l-usm-bel-abbes\/"},"modified":"2019-09-08T07:00:55","modified_gmt":"2019-09-08T11:00:55","slug":"94147-ligue-1-abdelkader-iiache-nouvel-entraineur-de-l-usm-bel-abbes","status":"publish","type":"post","link":"https:\/\/linitiative.ca\/International\/94147-ligue-1-abdelkader-iiache-nouvel-entraineur-de-l-usm-bel-abbes\/","title":{"rendered":"Ligue 1 : Abdelkader Iiache nouvel entraineur de l\u2019USM Bel Abb\u00e8s"},"content":{"rendered":"<div>\n<div class=\"K2FeedImage\"><img decoding=\"async\" src=\"http:\/\/www.aps.dz\/media\/k2\/items\/cache\/3d57e37eb0303c4f957e0b708a4ef7f5_S.jpg\" alt=\"Ligue 1 : Abdelkader Iiache nouvel entraineur de l\u2019USM Bel Abb\u00e8s\"><\/div>\n<div class=\"K2FeedIntroText\">\n<p><strong>ORAN &#8211; Abdelkader Laiche est devenu le nouvel entraineur de l\u2019USM Bel Abb\u00e8s apr\u00e8s l\u2019accord conclu samedi avec la direction de ce club de Ligue 1 de football, a-t-on appris de cette derni\u00e8re.<\/strong><\/p>\n<\/div>\n<div class=\"K2FeedFullText\">\n<p>Avant d\u2019engager Laiche, qui a dirig\u00e9 sa premi\u00e8re s\u00e9ance d\u2019entrainement samedi soir, la direction de la formation de la Mekerra avait n\u00e9goci\u00e9 respectivement avec Rachid Bouarrata et Toufik Rouabah, sauf que les conditions pos\u00e9es par ces deux techniciens ont \u00e9t\u00e9 jug\u00e9es \u00ab\u00a0exorbitantes\u00a0\u00bb, a d\u00e9clar\u00e9 \u00e0 l\u2019APS le directeur g\u00e9n\u00e9ral de l\u2019USMBA, Kaddour Benayad.<\/p>\n<blockquote>\n<p><em><strong>\u00ab\u00a0Avec Laiche on a, en revanche, vite trouv\u00e9 un terrain d\u2019entente. On est heureux de l\u2019accueillir parmi nous, et j\u2019esp\u00e8re bien qu\u2019on r\u00e9ussira ensemble un bon parcours\u00a0\u00bb, a poursuivi le responsable de la formation phare de la ville de Sidi Bel Abb\u00e8s.<\/strong><\/em><\/p>\n<\/blockquote>\n<p>L\u2019USMBA est rest\u00e9e sans coach depuis le d\u00e9part de Younes Iftic\u00e8ne, d\u00e8s la premi\u00e8re journ\u00e9e du championnat. Cette \u00e9quipe, qui a \u00e9chapp\u00e9 de peu \u00e0 la el\u00e9gation en fin d\u2019exercice pass\u00e9, a rat\u00e9 compl\u00e8tement son d\u00e9part en championnat de la nouvelle saison apr\u00e8s avoir essuy\u00e9 trois d\u00e9faites en autant de matchs.<\/p>\n<p>Ce n\u2019est aussi que lors de la pr\u00e9c\u00e9dente journ\u00e9e, qui a vu ce team perdre \u00e0 S\u00e9tif face au nouveau promu le NC Magra, qu\u2019il a pu b\u00e9n\u00e9ficier des services de sa douzaine de nouvelles recrues. Cela a \u00e9t\u00e9 rendu possible apr\u00e8s l\u2019assainissement de la situation financi\u00e8re du club envers d\u2019anciens joueurs qui r\u00e9clamaient plus de 70 millions DA en guise de salaires impay\u00e9s.<\/p>\n<p>Les Vert et Rouge accueillent le NA Hussein Dey jeudi prochain dans le cadre de la quatri\u00e8me journ\u00e9e du championnat, un match, rappelle-t-on.<\/p>\n<\/div>\n<p><img loading=\"lazy\" decoding=\"async\" src=\"http:\/\/feeds.feedburner.com\/~r\/aps-sport\/~4\/hHJh6jvqGhU\" height=\"1\" width=\"1\" alt=\"\"><\/div>\n<p>Auteur:<br \/>\n<a href=\"http:\/\/www.aps.dz\/sport\/94147-ligue-1-abdelkader-iiache-nouvel-entraineur-de-l-usm-bel-abbes?utm_source=feedburner&#038;utm_medium=feed&#038;utm_campaign=Feed%3A+aps-sport+%28APS+-+SPORT%29\">Cliquez ici pour lire l&rsquo;article depuis sa source.<\/a><\/p>\n","protected":false},"excerpt":{"rendered":"<p>ORAN &#8211; Abdelkader Laiche est devenu le nouvel entraineur de l\u2019USM Bel Abb\u00e8s apr\u00e8s l\u2019accord conclu samedi avec la direction de ce club de Ligue 1 de football, a-t-on appris de cette derni\u00e8re. Avant d\u2019engager Laiche, qui a dirig\u00e9 sa premi\u00e8re s\u00e9ance d\u2019entrainement samedi soir, la direction de la formation de la Mekerra avait n\u00e9goci\u00e9 [&hellip;]<\/p>\n","protected":false},"author":1790,"featured_media":60525,"comment_status":"closed","ping_status":"closed","sticky":false,"template":"","format":"standard","meta":{"fifu_image_url":"","fifu_image_alt":"","footnotes":""},"categories":[53,75],"tags":[],"class_list":["post-60524","post","type-post","status-publish","format-standard","has-post-thumbnail","hentry","category-algerie","category-sport"],"_links":{"self":[{"href":"https:\/\/linitiative.ca\/International\/wp-json\/wp\/v2\/posts\/60524","targetHints":{"allow":["GET"]}}],"collection":[{"href":"https:\/\/linitiative.ca\/International\/wp-json\/wp\/v2\/posts"}],"about":[{"href":"https:\/\/linitiative.ca\/International\/wp-json\/wp\/v2\/types\/post"}],"author":[{"embeddable":true,"href":"https:\/\/linitiative.ca\/International\/wp-json\/wp\/v2\/users\/1790"}],"replies":[{"embeddable":true,"href":"https:\/\/linitiative.ca\/International\/wp-json\/wp\/v2\/comments?post=60524"}],"version-history":[{"count":0,"href":"https:\/\/linitiative.ca\/International\/wp-json\/wp\/v2\/posts\/60524\/revisions"}],"wp:featuredmedia":[{"embeddable":true,"href":"https:\/\/linitiative.ca\/International\/wp-json\/"}],"wp:attachment":[{"href":"https:\/\/linitiative.ca\/International\/wp-json\/wp\/v2\/media?parent=60524"}],"wp:term":[{"taxonomy":"category","embeddable":true,"href":"https:\/\/linitiative.ca\/International\/wp-json\/wp\/v2\/categories?post=60524"},{"taxonomy":"post_tag","embeddable":true,"href":"https:\/\/linitiative.ca\/International\/wp-json\/wp\/v2\/tags?post=60524"}],"curies":[{"name":"wp","href":"https:\/\/api.w.org\/{rel}","templated":true}]}}