{"id":60528,"date":"2019-09-08T08:33:47","date_gmt":"2019-09-08T12:33:47","guid":{"rendered":"https:\/\/linitiative.ca\/International\/94158-judo-coupe-d-afrique-cadets-l-algerie-a-la-deuxieme-place-avec-26-medailles\/"},"modified":"2019-09-08T08:33:47","modified_gmt":"2019-09-08T12:33:47","slug":"94158-judo-coupe-d-afrique-cadets-l-algerie-a-la-deuxieme-place-avec-26-medailles","status":"publish","type":"post","link":"https:\/\/linitiative.ca\/International\/94158-judo-coupe-d-afrique-cadets-l-algerie-a-la-deuxieme-place-avec-26-medailles\/","title":{"rendered":"Judo \/ Coupe d&rsquo;Afrique (Cadets) : l&rsquo;Alg\u00e9rie \u00e0 la deuxi\u00e8me place avec 26 m\u00e9dailles"},"content":{"rendered":"<div>\n<div class=\"K2FeedImage\"><img decoding=\"async\" src=\"http:\/\/www.aps.dz\/media\/k2\/items\/cache\/40a6ed6d29c3e8502a41c6506aaf9889_S.jpg\" alt=\"Judo \/ Coupe d'Afrique (Cadets) : l'Alg\u00e9rie \u00e0 la deuxi\u00e8me place avec 26 m\u00e9dailles\"><\/div>\n<div class=\"K2FeedIntroText\">\n<p><strong>TUNIS &#8211; La s\u00e9lection alg\u00e9rienne (Gar\u00e7ons \/ Filles) de judo a d\u00e9croch\u00e9 la deuxi\u00e8me place \u00e0 la Coupe d&rsquo;Afrique \u00ab\u00a0Cadets\u00a0\u00bb, disput\u00e9e ce dimanche dans la capitale tunisienne Tunis, avec un total de 26 m\u00e9dailles (4 or, 8 argent et 14 bronze).<\/strong><\/p>\n<\/div>\n<div class=\"K2FeedFullText\">\n<p>C&rsquo;est le pays h\u00f4te de cette comp\u00e9tition, la Tunisie qui a rafl\u00e9 la premi\u00e8re place, avec un total de 20 m\u00e9dailles (9 or, 5 argent et 6 bronze), au moment o\u00f9 le Maroc a compl\u00e9t\u00e9 le podium, avec un total de quatre m\u00e9dailles (2 or, 1 argent et 1 bronze).<\/p>\n<p>L&rsquo;Alg\u00e9rie \u00e9tait le pays le mieux repr\u00e9sent\u00e9 dans cette comp\u00e9tition, car ayant engag\u00e9 un total de 42 judokas (25 Gar\u00e7ons et 17 Filles), devant la Tunisie (17 Gar\u00e7ons et 20 Filles), au moment o\u00f9 le Maroc n&rsquo;a engag\u00e9 que quatre athl\u00e8tes (2 Gar\u00e7ons et 2 Filles).<\/p>\n<p>Au total, 92 judokas (52 Gar\u00e7ons et 40 Filles), repr\u00e9sentant huit pays ont pris part \u00e0 cette comp\u00e9tition.<\/p>\n<p>Les autres pays engag\u00e9s dans cette comp\u00e9tition sont : la Bulgarie (2 Gar\u00e7ons), la R\u00e9publique Tch\u00e8que (3 Gar\u00e7ons), l&rsquo;Estonie (1 Gar\u00e7on), le S\u00e9n\u00e9gal (1 Gar\u00e7on) et le Zimbabwe (1 Gar\u00e7on et 1 Fille).<\/p>\n<\/div>\n<p><img loading=\"lazy\" decoding=\"async\" src=\"http:\/\/feeds.feedburner.com\/~r\/aps-sport\/~4\/UN_GuR4Q5Lg\" height=\"1\" width=\"1\" alt=\"\"><\/div>\n<p>Auteur:<br \/>\n<a href=\"http:\/\/www.aps.dz\/sport\/94158-judo-coupe-d-afrique-cadets-l-algerie-a-la-deuxieme-place-avec-26-medailles?utm_source=feedburner&#038;utm_medium=feed&#038;utm_campaign=Feed%3A+aps-sport+%28APS+-+SPORT%29\">Cliquez ici pour lire l&rsquo;article depuis sa source.<\/a><\/p>\n","protected":false},"excerpt":{"rendered":"<p>TUNIS &#8211; La s\u00e9lection alg\u00e9rienne (Gar\u00e7ons \/ Filles) de judo a d\u00e9croch\u00e9 la deuxi\u00e8me place \u00e0 la Coupe d&rsquo;Afrique \u00ab\u00a0Cadets\u00a0\u00bb, disput\u00e9e ce dimanche dans la capitale tunisienne Tunis, avec un total de 26 m\u00e9dailles (4 or, 8 argent et 14 bronze). C&rsquo;est le pays h\u00f4te de cette comp\u00e9tition, la Tunisie qui a rafl\u00e9 la premi\u00e8re [&hellip;]<\/p>\n","protected":false},"author":1790,"featured_media":60529,"comment_status":"closed","ping_status":"closed","sticky":false,"template":"","format":"standard","meta":{"fifu_image_url":"","fifu_image_alt":"","footnotes":""},"categories":[53,75],"tags":[],"class_list":["post-60528","post","type-post","status-publish","format-standard","has-post-thumbnail","hentry","category-algerie","category-sport"],"_links":{"self":[{"href":"https:\/\/linitiative.ca\/International\/wp-json\/wp\/v2\/posts\/60528","targetHints":{"allow":["GET"]}}],"collection":[{"href":"https:\/\/linitiative.ca\/International\/wp-json\/wp\/v2\/posts"}],"about":[{"href":"https:\/\/linitiative.ca\/International\/wp-json\/wp\/v2\/types\/post"}],"author":[{"embeddable":true,"href":"https:\/\/linitiative.ca\/International\/wp-json\/wp\/v2\/users\/1790"}],"replies":[{"embeddable":true,"href":"https:\/\/linitiative.ca\/International\/wp-json\/wp\/v2\/comments?post=60528"}],"version-history":[{"count":0,"href":"https:\/\/linitiative.ca\/International\/wp-json\/wp\/v2\/posts\/60528\/revisions"}],"wp:featuredmedia":[{"embeddable":true,"href":"https:\/\/linitiative.ca\/International\/wp-json\/"}],"wp:attachment":[{"href":"https:\/\/linitiative.ca\/International\/wp-json\/wp\/v2\/media?parent=60528"}],"wp:term":[{"taxonomy":"category","embeddable":true,"href":"https:\/\/linitiative.ca\/International\/wp-json\/wp\/v2\/categories?post=60528"},{"taxonomy":"post_tag","embeddable":true,"href":"https:\/\/linitiative.ca\/International\/wp-json\/wp\/v2\/tags?post=60528"}],"curies":[{"name":"wp","href":"https:\/\/api.w.org\/{rel}","templated":true}]}}