{"id":60533,"date":"2019-09-08T13:55:00","date_gmt":"2019-09-08T17:55:00","guid":{"rendered":"https:\/\/linitiative.ca\/International\/violence-contre-le-personnel-de-la-sante-le-ministre-ordonne-le-recours-a-la-justice\/"},"modified":"2019-09-08T13:55:00","modified_gmt":"2019-09-08T17:55:00","slug":"violence-contre-le-personnel-de-la-sante-le-ministre-ordonne-le-recours-a-la-justice","status":"publish","type":"post","link":"https:\/\/linitiative.ca\/International\/violence-contre-le-personnel-de-la-sante-le-ministre-ordonne-le-recours-a-la-justice\/","title":{"rendered":"VIOLENCE CONTRE LE PERSONNEL DE LA SANTE : Le ministre ordonne le recours \u00e0 la justice"},"content":{"rendered":"<p><br id=\"sep_para_1\" class=\"sep_para access\"\/><\/p>\n<div id=\"para_1\" class=\"para_32896997 resize\">\n<div class=\"texte access firstletter\">Le ministre de la sant\u00e9, de la population et de la r\u00e9forme hospitali\u00e8re, M. Mohamed Miraoui a instruit, samedi\u00a0 dernier \u00e0 Alger, les directeurs de la sant\u00e9 publique (DSP) de wilayas de saisir la Justice contre les auteurs de violences sur le personnel des \u00e9tablissements de la sant\u00e9. S&rsquo;exprimant lors d&rsquo;une r\u00e9union avec les DSP des wilayas du pays \u00e0 l&rsquo;occasion de la rentr\u00e9e sociale, le ministre a insist\u00e9 sur \u00ab\u00a0l&rsquo;imp\u00e9ratif de d\u00e9poser plainte et de se constituer partie civile contre tout auteur de violences sur le personnel de la sant\u00e9 en\u00a0 laissant la justice suivre son cours\u00a0\u00bb, affirmant qu'\u00a0\u00bbaucun individu, quels que soient ses motifs, n&rsquo;a le droit de se livrer \u00e0 ces actes nuisibles et qui entravent le secteur, en g\u00e9n\u00e9ral\u00a0\u00bb. Pour all\u00e9ger la pression sur les services des urgences, \u00ab\u00a0les plus expos\u00e9s \u00e0 la violence\u00a0\u00bb, le ministre a annonc\u00e9 un plan visant le renforcement de ces services en corps m\u00e9dical et param\u00e9dical, la formation des agents de s\u00e9curit\u00e9, l&rsquo;installation de dispositifs de surveillance et l&rsquo;augmentation du nombre des polycliniques pour la prise en charge des consultations sp\u00e9cialis\u00e9es. Parmi les d\u00e9cisions prises par le Gouvernement pour am\u00e9liorer la prise en charge de la population, notamment dans les r\u00e9gions du Sud, le ministre a \u00e9voqu\u00e9 \u00ab\u00a0la r\u00e9ception des nouveaux projets et l&rsquo;acc\u00e9l\u00e9ration des projets accusant un retard de r\u00e9alisation pour des raisons subjectives, la mise en service des structures r\u00e9ceptionn\u00e9es mais non op\u00e9rationnelles, outre la mise en service des \u00e9quipements m\u00e9dicaux n&rsquo;ayant pas encore \u00e9t\u00e9 utilis\u00e9s\u00a0\u00bb.\u00a0\u00a0\u00a0\u00a0\u00a0\u00a0\u00a0\u00a0\u00a0\u00a0\u00a0\u00a0\u00a0\u00a0\u00a0\u00a0\u00a0\u00a0\u00a0<\/div>\n<\/div>\n<p>Auteur: Nadine<br \/>\n<a href=\"https:\/\/www.reflexiondz.net\/VIOLENCE-CONTRE-LE-PERSONNEL-DE-LA-SANTE-Le-ministre-ordonne-le-recours-a-la-justice_a57523.html\">Cliquez ici pour lire l&rsquo;article depuis sa source.<\/a><\/p>\n","protected":false},"excerpt":{"rendered":"<p>Le ministre de la sant\u00e9, de la population et de la r\u00e9forme hospitali\u00e8re, M. Mohamed Miraoui a instruit, samedi\u00a0 dernier \u00e0 Alger, les directeurs de la sant\u00e9 publique (DSP) de wilayas de saisir la Justice contre les auteurs de violences sur le personnel des \u00e9tablissements de la sant\u00e9. S&rsquo;exprimant lors d&rsquo;une r\u00e9union avec les DSP [&hellip;]<\/p>\n","protected":false},"author":1740,"featured_media":0,"comment_status":"closed","ping_status":"closed","sticky":false,"template":"","format":"standard","meta":{"fifu_image_url":"","fifu_image_alt":"","footnotes":""},"categories":[53,76],"tags":[],"class_list":["post-60533","post","type-post","status-publish","format-standard","hentry","category-algerie","category-regions"],"_links":{"self":[{"href":"https:\/\/linitiative.ca\/International\/wp-json\/wp\/v2\/posts\/60533","targetHints":{"allow":["GET"]}}],"collection":[{"href":"https:\/\/linitiative.ca\/International\/wp-json\/wp\/v2\/posts"}],"about":[{"href":"https:\/\/linitiative.ca\/International\/wp-json\/wp\/v2\/types\/post"}],"author":[{"embeddable":true,"href":"https:\/\/linitiative.ca\/International\/wp-json\/wp\/v2\/users\/1740"}],"replies":[{"embeddable":true,"href":"https:\/\/linitiative.ca\/International\/wp-json\/wp\/v2\/comments?post=60533"}],"version-history":[{"count":0,"href":"https:\/\/linitiative.ca\/International\/wp-json\/wp\/v2\/posts\/60533\/revisions"}],"wp:attachment":[{"href":"https:\/\/linitiative.ca\/International\/wp-json\/wp\/v2\/media?parent=60533"}],"wp:term":[{"taxonomy":"category","embeddable":true,"href":"https:\/\/linitiative.ca\/International\/wp-json\/wp\/v2\/categories?post=60533"},{"taxonomy":"post_tag","embeddable":true,"href":"https:\/\/linitiative.ca\/International\/wp-json\/wp\/v2\/tags?post=60533"}],"curies":[{"name":"wp","href":"https:\/\/api.w.org\/{rel}","templated":true}]}}