{"id":60551,"date":"2019-09-08T11:04:40","date_gmt":"2019-09-08T15:04:40","guid":{"rendered":"https:\/\/linitiative.ca\/International\/tunisie-tozeur-un-agent-de-police-poignarde-par-un-salafiste\/"},"modified":"2019-09-08T11:04:40","modified_gmt":"2019-09-08T15:04:40","slug":"tunisie-tozeur-un-agent-de-police-poignarde-par-un-salafiste","status":"publish","type":"post","link":"https:\/\/linitiative.ca\/International\/tunisie-tozeur-un-agent-de-police-poignarde-par-un-salafiste\/","title":{"rendered":"Tunisie \u2013 Tozeur\u00a0: Un agent de police poignard\u00e9 par un salafiste\u00a0?"},"content":{"rendered":"<div class=\"post-cont-in left relative\">\n<div class=\"swp_social_panel swp_horizontal_panel swp_flat_fresh swp_default_full_color swp_individual_full_color swp_other_full_color scale-100 scale-\" data-min-width=\"1100\" data-float-color=\"#ffffff\" data-float=\"none\" data-float-mobile=\"none\" data-transition=\"slide\">\n<div class=\"nc_tweetContainer swp_share_button total_shares total_sharesalt\"><span class=\"swp_count\">114 <span class=\"swp_label\">Partages<\/span><\/span><\/div>\n<\/div>\n<p>Un agent de police relevant de la direction de la s\u00e9curit\u00e9 touristique, a \u00e9t\u00e9 poignard\u00e9, ce dimanche, pr\u00e8s du si\u00e8ge de l\u2019IRIE, par un individu qui serait un takfiriste connue et qui l\u2019aurait trait\u00e9 d\u2019 \u00ab\u00a0ennemi de Dieu\u00a0\u00bb, selon les d\u00e9clarations de Faycel Ra\u00efssi, porte-parole du syndicat des forces de s\u00e9curit\u00e9. L\u2019agresseur a pris la fuite, tandis que l\u2019agent qui a \u00e9t\u00e9 touch\u00e9 \u00e0 la poitrine a \u00e9t\u00e9 transf\u00e9r\u00e9 \u00e0 l\u2019h\u00f4pital o\u00f9 son \u00e9tat a \u00e9t\u00e9 jug\u00e9 stationnaire.<\/p>\n<p>Pour sa part, le porte-parole du minist\u00e8re de l\u2019Int\u00e9rieur s\u2019est limit\u00e9 \u00e0 dire que l\u2019agresseur a \u00e9t\u00e9 identifi\u00e9 et qu\u2019il est, actuellement recherch\u00e9. Quant \u00e0 la qualification terroriste de l\u2019attaque, il a pr\u00e9f\u00e9r\u00e9 ne pas se prononcer \u00e0 ce niveau de l\u2019enqu\u00eate.<\/p>\n<div class=\"code-block code-block-1 c3\"><ins class=\"adsbygoogle c2\" data-ad-layout=\"in-article\" data-ad-format=\"fluid\" data-ad-client=\"ca-pub-2102118777505746\" data-ad-slot=\"7301775417\"\/> <\/div>\n<p><strong>Que se passe-t-il en Tunisie?<\/strong><br \/>Nous expliquons sur notre <a href=\"https:\/\/www.youtube.com\/channel\/UCRzypVq0B_yBad5eGrwBx0Q?sub_confirmation=1\" target=\"_blank\" rel=\"noopener noreferrer\">cha\u00eene YouTube<\/a> . <a href=\"https:\/\/www.youtube.com\/channel\/UCRzypVq0B_yBad5eGrwBx0Q?sub_confirmation=1\" target=\"_blank\" rel=\"noopener noreferrer\">Abonnez-vous!<\/a><\/p>\n<div class=\"mvp-org-wrap mvp-org-logo\" itemprop=\"publisher\" itemscope=\"\" itemtype=\"https:\/\/schema.org\/Organization\">\n<p><img decoding=\"async\" src=\"https:\/\/www.tunisienumerique.com\/wp-content\/uploads\/2017\/02\/logo_tunisie_numerique.png\"\/><\/p>\n<\/div>\n<div class=\"swp_social_panel swp_horizontal_panel swp_flat_fresh swp_default_full_color swp_individual_full_color swp_other_full_color scale-100 scale-\" data-min-width=\"1100\" data-float-color=\"#ffffff\" data-float=\"none\" data-float-mobile=\"none\" data-transition=\"slide\">\n<div class=\"nc_tweetContainer swp_share_button total_shares total_sharesalt\"><span class=\"swp_count\">114 <span class=\"swp_label\">Partages<\/span><\/span><\/div>\n<\/div>\n<div class=\"mvp-related-posts left relative\">\n<h4 class=\"post-header\"><span class=\"post-header\">Lire aussi<\/span><\/h4>\n<\/div>\n<\/div>\n<p>Auteur: LM<br \/>\n<a href=\"https:\/\/www.tunisienumerique.com\/tunisie-tozeur-un-agent-de-police-poignarde-par-un-salafiste\/\">Cliquez ici pour lire l&rsquo;article depuis sa source.<\/a><\/p>\n","protected":false},"excerpt":{"rendered":"<p>114 Partages Un agent de police relevant de la direction de la s\u00e9curit\u00e9 touristique, a \u00e9t\u00e9 poignard\u00e9, ce dimanche, pr\u00e8s du si\u00e8ge de l\u2019IRIE, par un individu qui serait un takfiriste connue et qui l\u2019aurait trait\u00e9 d\u2019 \u00ab\u00a0ennemi de Dieu\u00a0\u00bb, selon les d\u00e9clarations de Faycel Ra\u00efssi, porte-parole du syndicat des forces de s\u00e9curit\u00e9. L\u2019agresseur a [&hellip;]<\/p>\n","protected":false},"author":1789,"featured_media":60552,"comment_status":"closed","ping_status":"closed","sticky":false,"template":"","format":"standard","meta":{"fifu_image_url":"","fifu_image_alt":"","footnotes":""},"categories":[73,55],"tags":[],"class_list":["post-60551","post","type-post","status-publish","format-standard","has-post-thumbnail","hentry","category-actualite","category-tunisie"],"_links":{"self":[{"href":"https:\/\/linitiative.ca\/International\/wp-json\/wp\/v2\/posts\/60551","targetHints":{"allow":["GET"]}}],"collection":[{"href":"https:\/\/linitiative.ca\/International\/wp-json\/wp\/v2\/posts"}],"about":[{"href":"https:\/\/linitiative.ca\/International\/wp-json\/wp\/v2\/types\/post"}],"author":[{"embeddable":true,"href":"https:\/\/linitiative.ca\/International\/wp-json\/wp\/v2\/users\/1789"}],"replies":[{"embeddable":true,"href":"https:\/\/linitiative.ca\/International\/wp-json\/wp\/v2\/comments?post=60551"}],"version-history":[{"count":0,"href":"https:\/\/linitiative.ca\/International\/wp-json\/wp\/v2\/posts\/60551\/revisions"}],"wp:featuredmedia":[{"embeddable":true,"href":"https:\/\/linitiative.ca\/International\/wp-json\/"}],"wp:attachment":[{"href":"https:\/\/linitiative.ca\/International\/wp-json\/wp\/v2\/media?parent=60551"}],"wp:term":[{"taxonomy":"category","embeddable":true,"href":"https:\/\/linitiative.ca\/International\/wp-json\/wp\/v2\/categories?post=60551"},{"taxonomy":"post_tag","embeddable":true,"href":"https:\/\/linitiative.ca\/International\/wp-json\/wp\/v2\/tags?post=60551"}],"curies":[{"name":"wp","href":"https:\/\/api.w.org\/{rel}","templated":true}]}}