{"id":60557,"date":"2019-09-08T14:55:17","date_gmt":"2019-09-08T18:55:17","guid":{"rendered":"https:\/\/linitiative.ca\/International\/tunisie-alerte-meteo-linm-lance-une-alerte-meteo\/"},"modified":"2019-09-08T14:55:17","modified_gmt":"2019-09-08T18:55:17","slug":"tunisie-alerte-meteo-linm-lance-une-alerte-meteo","status":"publish","type":"post","link":"https:\/\/linitiative.ca\/International\/tunisie-alerte-meteo-linm-lance-une-alerte-meteo\/","title":{"rendered":"Tunisie \u2013 ALERTE METEO\u00a0: L\u2019INM lance une alerte m\u00e9t\u00e9o"},"content":{"rendered":"<div class=\"post-cont-in left relative\">\n<div class=\"swp_social_panel swp_horizontal_panel swp_flat_fresh swp_default_full_color swp_individual_full_color swp_other_full_color scale-100 scale-\" data-min-width=\"1100\" data-float-color=\"#ffffff\" data-float=\"none\" data-float-mobile=\"none\" data-transition=\"slide\">\n<div class=\"nc_tweetContainer swp_share_button total_shares total_sharesalt\"><span class=\"swp_count\">118 <span class=\"swp_label\">Partages<\/span><\/span><\/div>\n<\/div>\n<p>L\u2019INM a lanc\u00e9, il y a quelques minutes, un avis d\u2019alerte m\u00e9t\u00e9o, en rapport avec la travers\u00e9e du pays, par un front orageux accompagn\u00e9 de fortes pr\u00e9cipitations. L\u2019INM avertit du risque de mont\u00e9e des niveaux des eaux, surtout dans les zones basses et proches des lits des oueds.<\/p>\n<p>Le font a travers\u00e9 les r\u00e9gions nord ouest du pays, et s\u2019est dirig\u00e9 vers le grand Tunis, avec des pr\u00e9cipitations d\u00e9passant, localement, les 25 mm, avec des vents pouvant atteindre les 70 km\/h, sous orages.<\/p>\n<div class=\"code-block code-block-1 c3\"><ins class=\"adsbygoogle c2\" data-ad-layout=\"in-article\" data-ad-format=\"fluid\" data-ad-client=\"ca-pub-2102118777505746\" data-ad-slot=\"7301775417\"\/> <\/div>\n<p>Les intemp\u00e9ries sont en train de gagner les r\u00e9gions nord est du pays, et notamment, la r\u00e9gion du Cap Bon.<\/p>\n<p><img loading=\"lazy\" decoding=\"async\" class=\"aligncenter wp-image-460101\" src=\"https:\/\/www.tunisienumerique.com\/wp-content\/uploads\/2019\/09\/meteo.jpg\" alt=\"\" width=\"748\" height=\"778\" data-lazy-srcset=\"https:\/\/www.tunisienumerique.com\/wp-content\/uploads\/2019\/09\/meteo.jpg 923w, https:\/\/www.tunisienumerique.com\/wp-content\/uploads\/2019\/09\/meteo-768x799.jpg 768w, https:\/\/www.tunisienumerique.com\/wp-content\/uploads\/2019\/09\/meteo-600x624.jpg 600w\" data-lazy-sizes=\"(max-width: 748px) 100vw, 748px\"\/><\/p>\n<p><noscript><\/p>\n<p><img loading=\"lazy\" decoding=\"async\" class=\"aligncenter wp-image-460101\" src=\"https:\/\/www.tunisienumerique.com\/wp-content\/uploads\/2019\/09\/meteo.jpg\" alt=\"\" width=\"748\" height=\"778\" srcset=\"https:\/\/www.tunisienumerique.com\/wp-content\/uploads\/2019\/09\/meteo.jpg 923w, https:\/\/www.tunisienumerique.com\/wp-content\/uploads\/2019\/09\/meteo-768x799.jpg 768w, https:\/\/www.tunisienumerique.com\/wp-content\/uploads\/2019\/09\/meteo-600x624.jpg 600w\" sizes=\"auto, (max-width: 748px) 100vw, 748px\"\/><\/p>\n<p><\/noscript><\/p>\n<p><strong>Que se passe-t-il en Tunisie?<\/strong><br \/>Nous expliquons sur notre <a href=\"https:\/\/www.youtube.com\/channel\/UCRzypVq0B_yBad5eGrwBx0Q?sub_confirmation=1\" target=\"_blank\" rel=\"noopener noreferrer\">cha\u00eene YouTube<\/a> . <a href=\"https:\/\/www.youtube.com\/channel\/UCRzypVq0B_yBad5eGrwBx0Q?sub_confirmation=1\" target=\"_blank\" rel=\"noopener noreferrer\">Abonnez-vous!<\/a><\/p>\n<div class=\"mvp-org-wrap mvp-org-logo\" itemprop=\"publisher\" itemscope=\"\" itemtype=\"https:\/\/schema.org\/Organization\">\n<p><img decoding=\"async\" src=\"https:\/\/www.tunisienumerique.com\/wp-content\/uploads\/2017\/02\/logo_tunisie_numerique.png\"\/><\/p>\n<\/div>\n<div class=\"swp_social_panel swp_horizontal_panel swp_flat_fresh swp_default_full_color swp_individual_full_color swp_other_full_color scale-100 scale-\" data-min-width=\"1100\" data-float-color=\"#ffffff\" data-float=\"none\" data-float-mobile=\"none\" data-transition=\"slide\">\n<div class=\"nc_tweetContainer swp_share_button total_shares total_sharesalt\"><span class=\"swp_count\">118 <span class=\"swp_label\">Partages<\/span><\/span><\/div>\n<\/div>\n<div class=\"mvp-related-posts left relative\">\n<h4 class=\"post-header\"><span class=\"post-header\">Lire aussi<\/span><\/h4>\n<\/div>\n<\/div>\n<p>Auteur: LM<br \/>\n<a href=\"https:\/\/www.tunisienumerique.com\/tunisie-alerte-meteo-linm-lance-une-alerte-meteo\/\">Cliquez ici pour lire l&rsquo;article depuis sa source.<\/a><\/p>\n","protected":false},"excerpt":{"rendered":"<p>118 Partages L\u2019INM a lanc\u00e9, il y a quelques minutes, un avis d\u2019alerte m\u00e9t\u00e9o, en rapport avec la travers\u00e9e du pays, par un front orageux accompagn\u00e9 de fortes pr\u00e9cipitations. L\u2019INM avertit du risque de mont\u00e9e des niveaux des eaux, surtout dans les zones basses et proches des lits des oueds. Le font a travers\u00e9 les [&hellip;]<\/p>\n","protected":false},"author":1789,"featured_media":60558,"comment_status":"closed","ping_status":"closed","sticky":false,"template":"","format":"standard","meta":{"fifu_image_url":"","fifu_image_alt":"","footnotes":""},"categories":[73,55],"tags":[],"class_list":["post-60557","post","type-post","status-publish","format-standard","has-post-thumbnail","hentry","category-actualite","category-tunisie"],"_links":{"self":[{"href":"https:\/\/linitiative.ca\/International\/wp-json\/wp\/v2\/posts\/60557","targetHints":{"allow":["GET"]}}],"collection":[{"href":"https:\/\/linitiative.ca\/International\/wp-json\/wp\/v2\/posts"}],"about":[{"href":"https:\/\/linitiative.ca\/International\/wp-json\/wp\/v2\/types\/post"}],"author":[{"embeddable":true,"href":"https:\/\/linitiative.ca\/International\/wp-json\/wp\/v2\/users\/1789"}],"replies":[{"embeddable":true,"href":"https:\/\/linitiative.ca\/International\/wp-json\/wp\/v2\/comments?post=60557"}],"version-history":[{"count":0,"href":"https:\/\/linitiative.ca\/International\/wp-json\/wp\/v2\/posts\/60557\/revisions"}],"wp:featuredmedia":[{"embeddable":true,"href":"https:\/\/linitiative.ca\/International\/wp-json\/"}],"wp:attachment":[{"href":"https:\/\/linitiative.ca\/International\/wp-json\/wp\/v2\/media?parent=60557"}],"wp:term":[{"taxonomy":"category","embeddable":true,"href":"https:\/\/linitiative.ca\/International\/wp-json\/wp\/v2\/categories?post=60557"},{"taxonomy":"post_tag","embeddable":true,"href":"https:\/\/linitiative.ca\/International\/wp-json\/wp\/v2\/tags?post=60557"}],"curies":[{"name":"wp","href":"https:\/\/api.w.org\/{rel}","templated":true}]}}