{"id":60561,"date":"2019-09-08T14:50:03","date_gmt":"2019-09-08T18:50:03","guid":{"rendered":"https:\/\/linitiative.ca\/International\/lemir-du-koweit-hospitalise-aux-etats-unis-un-entretien-avec-trump-reporte\/"},"modified":"2019-09-08T14:50:03","modified_gmt":"2019-09-08T18:50:03","slug":"lemir-du-koweit-hospitalise-aux-etats-unis-un-entretien-avec-trump-reporte","status":"publish","type":"post","link":"https:\/\/linitiative.ca\/International\/lemir-du-koweit-hospitalise-aux-etats-unis-un-entretien-avec-trump-reporte\/","title":{"rendered":"L\u2019\u00e9mir du Kowe\u00eft hospitalis\u00e9 aux Etats-Unis, un entretien avec Trump report\u00e9"},"content":{"rendered":"<div readability=\"32\">\n<p>Publi\u00e9 le 08.09.2019 \u00e0 19h50 par AFP<\/p>\n<\/div>\n<div readability=\"68\">\n<p>L\u2019\u00e9mir du Kowe\u00eft, cheikh Sabah al-Ahmad Al-Sabah, 90 ans, a \u00e9t\u00e9 admis pour des \u00ab\u00a0examens m\u00e9dicaux\u00a0\u00bb dans un h\u00f4pital des Etats-Unis, ce qui a entra\u00een\u00e9 le report d\u2019une rencontre avec le pr\u00e9sident Donald Trump, a indiqu\u00e9 dimanche l\u2019agence officielle Kuna.<\/p>\n<p>En ao\u00fbt dernier, le chef de la diplomatie iranienne Mohammad Javad Zarif, en visite au Kowe\u00eft, avait souhait\u00e9 sur Twitter un \u00ab\u00a0prompt r\u00e9tablissement\u00a0\u00bb \u00e0 l\u2019\u00e9mir alors qu\u2019aucune information n\u2019avait \u00e9t\u00e9 donn\u00e9e auparavant sur une \u00e9ventuelle d\u00e9t\u00e9rioration de son \u00e9tat de sant\u00e9.<\/p>\n<p>L\u2019agence kowe\u00eftienne Kuna avait alors aussit\u00f4t affirm\u00e9 que cheikh Sabah \u00ab\u00a0s\u2019\u00e9tait remis et \u00e9tait d\u00e9sormais en bonne sant\u00e9\u00a0\u00bb, sans fournir aucune autre pr\u00e9cision.<\/p>\n<p>Dimanche, l\u2019agence a juste indiqu\u00e9 que l\u2019\u00e9mir avait \u00e9t\u00e9 admis pour des \u00ab\u00a0examens m\u00e9dicaux\u00a0\u00bb dans un h\u00f4pital des Etats-Unis, sans dire lequel et sans pr\u00e9ciser de date.<\/p>\n<p>\u00ab\u00a0Son admission a entra\u00een\u00e9 le report de son sommet avec M. Trump \u00e0 une date qui sera annonc\u00e9e ult\u00e9rieurement\u00a0\u00bb, a-t-elle ajout\u00e9. L\u2019\u00e9mir s\u2019\u00e9tait rendu lundi dernier aux Etats-Unis et sa rencontre avec le pr\u00e9sident am\u00e9ricain \u00e9tait initialement pr\u00e9vue le 12 septembre.<\/p>\n<p>La derni\u00e8re apparition publique de l\u2019\u00e9mir remonte \u00e0 d\u00e9but ao\u00fbt lorsqu\u2019il avait particip\u00e9 \u00e0 la pri\u00e8re marquant l\u2019A\u00efd al-Adha, la grande f\u00eate musulmane. Il semblait en forme.<\/p>\n<p>Cheikh Sabah a succ\u00e9d\u00e9 \u00e0 son fr\u00e8re, le d\u00e9funt cheikh Jaber al-Ahmad Al-Sabah, en janvier 2006.<\/p>\n<\/div>\n<p>Auteur: AFP<br \/>\n<a href=\"https:\/\/www.journalducameroun.com\/lemir-du-koweit-hospitalise-aux-etats-unis-un-entretien-avec-trump-reporte\/\">Cliquez ici pour lire l&rsquo;article depuis sa source.<\/a><\/p>\n","protected":false},"excerpt":{"rendered":"<p>Publi\u00e9 le 08.09.2019 \u00e0 19h50 par AFP L\u2019\u00e9mir du Kowe\u00eft, cheikh Sabah al-Ahmad Al-Sabah, 90 ans, a \u00e9t\u00e9 admis pour des \u00ab\u00a0examens m\u00e9dicaux\u00a0\u00bb dans un h\u00f4pital des Etats-Unis, ce qui a entra\u00een\u00e9 le report d\u2019une rencontre avec le pr\u00e9sident Donald Trump, a indiqu\u00e9 dimanche l\u2019agence officielle Kuna. En ao\u00fbt dernier, le chef de la diplomatie [&hellip;]<\/p>\n","protected":false},"author":1965,"featured_media":0,"comment_status":"closed","ping_status":"closed","sticky":false,"template":"","format":"standard","meta":{"fifu_image_url":"","fifu_image_alt":"","footnotes":""},"categories":[73,82],"tags":[],"class_list":["post-60561","post","type-post","status-publish","format-standard","hentry","category-actualite","category-cameroun"],"_links":{"self":[{"href":"https:\/\/linitiative.ca\/International\/wp-json\/wp\/v2\/posts\/60561","targetHints":{"allow":["GET"]}}],"collection":[{"href":"https:\/\/linitiative.ca\/International\/wp-json\/wp\/v2\/posts"}],"about":[{"href":"https:\/\/linitiative.ca\/International\/wp-json\/wp\/v2\/types\/post"}],"author":[{"embeddable":true,"href":"https:\/\/linitiative.ca\/International\/wp-json\/wp\/v2\/users\/1965"}],"replies":[{"embeddable":true,"href":"https:\/\/linitiative.ca\/International\/wp-json\/wp\/v2\/comments?post=60561"}],"version-history":[{"count":0,"href":"https:\/\/linitiative.ca\/International\/wp-json\/wp\/v2\/posts\/60561\/revisions"}],"wp:attachment":[{"href":"https:\/\/linitiative.ca\/International\/wp-json\/wp\/v2\/media?parent=60561"}],"wp:term":[{"taxonomy":"category","embeddable":true,"href":"https:\/\/linitiative.ca\/International\/wp-json\/wp\/v2\/categories?post=60561"},{"taxonomy":"post_tag","embeddable":true,"href":"https:\/\/linitiative.ca\/International\/wp-json\/wp\/v2\/tags?post=60561"}],"curies":[{"name":"wp","href":"https:\/\/api.w.org\/{rel}","templated":true}]}}