{"id":60563,"date":"2019-09-08T15:50:05","date_gmt":"2019-09-08T19:50:05","guid":{"rendered":"https:\/\/linitiative.ca\/International\/inondations-au-maroc-au-moins-onze-morts-dans-un-accident-de-bus\/"},"modified":"2019-09-08T15:50:05","modified_gmt":"2019-09-08T19:50:05","slug":"inondations-au-maroc-au-moins-onze-morts-dans-un-accident-de-bus","status":"publish","type":"post","link":"https:\/\/linitiative.ca\/International\/inondations-au-maroc-au-moins-onze-morts-dans-un-accident-de-bus\/","title":{"rendered":"Inondations au Maroc: au moins onze morts dans un accident de bus"},"content":{"rendered":"<div readability=\"32\">\n<p>Publi\u00e9 le 08.09.2019 \u00e0 20h50 par AFP<\/p>\n<\/div>\n<div readability=\"68\">\n<p>Au moins 11 personnes ont \u00e9t\u00e9 tu\u00e9es dimanche au Maroc dans un accident d\u2019autobus caus\u00e9 par une crue dans la province d\u2019Errachidia (sud-est), selon un nouveau bilan publi\u00e9 par les autorit\u00e9s locales.<\/p>\n<p>Plusieurs personnes bless\u00e9es figurent parmi les 27 passagers \u00e9vacu\u00e9s de l\u2019autobus, qui s\u2019est renvers\u00e9 sur un pont dans la commune d\u2019El Khank \u00ab\u00a0en raison des inondations dans la vall\u00e9e\u00a0\u00bb selon un communiqu\u00e9 des autorit\u00e9s locales.<\/p>\n<p>Des recherches entreprises pour retrouver des passagers port\u00e9s disparus ont permis de retrouver cinq nouveaux corps, selon la m\u00eame source. Les op\u00e9rations de secours se poursuivent alors que le nombre de personnes encore recherch\u00e9es n\u2019est pas connu.<\/p>\n<p>Les passagers \u00e9vacu\u00e9s, parmi lesquels se trouvent des bless\u00e9s dans des \u00e9tats plus ou moins graves, ont \u00e9t\u00e9 transf\u00e9r\u00e9s vers un h\u00f4pital de la ville d\u2019Errachidia.<\/p>\n<p>Le Maroc a r\u00e9cemment \u00e9t\u00e9 touch\u00e9 par des orages violents qui ont provoqu\u00e9 une crue meurtri\u00e8re fin ao\u00fbt sur un terrain de foot dans la r\u00e9gion de Taroudant (sud) et par des inondations ayant caus\u00e9 des d\u00e9g\u00e2ts mat\u00e9riels importants dans plusieurs localit\u00e9s du pays.<\/p>\n<p>Situ\u00e9e aux confins du d\u00e9sert, la r\u00e9gion du Dr\u00e2a-Tafilalet, o\u00f9 se trouve la province d\u2019Errachidia, est sujette \u00e0 deux ph\u00e9nom\u00e8nes climatiques extr\u00eames, la s\u00e9cheresse et les crues, avec une topographie accident\u00e9e accentuant l\u2019ampleur des inondations.<\/p>\n<p>L\u2019inondation est \u00ab\u00a0le premier risque en termes de personnes tu\u00e9es au niveau national\u00a0\u00bb, selon un rapport consacr\u00e9 aux risques climatiques publi\u00e9 en 2016 par l\u2019Institut royal des \u00e9tudes strat\u00e9giques (Ires).<\/p>\n<\/div>\n<p>Auteur: AFP<br \/>\n<a href=\"https:\/\/www.journalducameroun.com\/inondations-au-maroc-au-moins-onze-morts-dans-un-accident-de-bus\/\">Cliquez ici pour lire l&rsquo;article depuis sa source.<\/a><\/p>\n","protected":false},"excerpt":{"rendered":"<p>Publi\u00e9 le 08.09.2019 \u00e0 20h50 par AFP Au moins 11 personnes ont \u00e9t\u00e9 tu\u00e9es dimanche au Maroc dans un accident d\u2019autobus caus\u00e9 par une crue dans la province d\u2019Errachidia (sud-est), selon un nouveau bilan publi\u00e9 par les autorit\u00e9s locales. Plusieurs personnes bless\u00e9es figurent parmi les 27 passagers \u00e9vacu\u00e9s de l\u2019autobus, qui s\u2019est renvers\u00e9 sur un [&hellip;]<\/p>\n","protected":false},"author":1965,"featured_media":0,"comment_status":"closed","ping_status":"closed","sticky":false,"template":"","format":"standard","meta":{"fifu_image_url":"","fifu_image_alt":"","footnotes":""},"categories":[73,82],"tags":[],"class_list":["post-60563","post","type-post","status-publish","format-standard","hentry","category-actualite","category-cameroun"],"_links":{"self":[{"href":"https:\/\/linitiative.ca\/International\/wp-json\/wp\/v2\/posts\/60563","targetHints":{"allow":["GET"]}}],"collection":[{"href":"https:\/\/linitiative.ca\/International\/wp-json\/wp\/v2\/posts"}],"about":[{"href":"https:\/\/linitiative.ca\/International\/wp-json\/wp\/v2\/types\/post"}],"author":[{"embeddable":true,"href":"https:\/\/linitiative.ca\/International\/wp-json\/wp\/v2\/users\/1965"}],"replies":[{"embeddable":true,"href":"https:\/\/linitiative.ca\/International\/wp-json\/wp\/v2\/comments?post=60563"}],"version-history":[{"count":0,"href":"https:\/\/linitiative.ca\/International\/wp-json\/wp\/v2\/posts\/60563\/revisions"}],"wp:attachment":[{"href":"https:\/\/linitiative.ca\/International\/wp-json\/wp\/v2\/media?parent=60563"}],"wp:term":[{"taxonomy":"category","embeddable":true,"href":"https:\/\/linitiative.ca\/International\/wp-json\/wp\/v2\/categories?post=60563"},{"taxonomy":"post_tag","embeddable":true,"href":"https:\/\/linitiative.ca\/International\/wp-json\/wp\/v2\/tags?post=60563"}],"curies":[{"name":"wp","href":"https:\/\/api.w.org\/{rel}","templated":true}]}}