{"id":60564,"date":"2019-09-08T15:50:07","date_gmt":"2019-09-08T19:50:07","guid":{"rendered":"https:\/\/linitiative.ca\/International\/au-moins-un-mort-dans-de-nouvelles-violences-xenophobes-en-afrique-du-sud\/"},"modified":"2019-09-08T15:50:07","modified_gmt":"2019-09-08T19:50:07","slug":"au-moins-un-mort-dans-de-nouvelles-violences-xenophobes-en-afrique-du-sud","status":"publish","type":"post","link":"https:\/\/linitiative.ca\/International\/au-moins-un-mort-dans-de-nouvelles-violences-xenophobes-en-afrique-du-sud\/","title":{"rendered":"Au moins un mort dans de nouvelles violences x\u00e9nophobes en Afrique du Sud"},"content":{"rendered":"<div readability=\"32\">\n<p>Publi\u00e9 le 08.09.2019 \u00e0 20h50 par AFP<\/p>\n<\/div>\n<div readability=\"85\">\n<p>Au moins une personne a \u00e9t\u00e9 tu\u00e9e et cinq bless\u00e9es dimanche dans le centre-ville de Johannesburg, la plus grande ville sud-africaine, lors de nouvelles violences dirig\u00e9es contre les \u00e9trangers, a-t-on appris aupr\u00e8s de la police locale.<\/p>\n<p>En d\u00e9but de semaine, l\u2019Afrique du Sud a connu une vague d\u2019\u00e9meutes x\u00e9nophobes, notamment \u00e0 Johannesburg, qui s\u2019est sold\u00e9e par la mort d\u2019au moins 10 personnes, plus de 400 arrestations et des d\u00e9g\u00e2ts consid\u00e9rables, selon le dernier bilan de ses autorit\u00e9s.<\/p>\n<p>Dimanche \u00e0 nouveau, une foule de plusieurs centaines de personnes s\u2019est form\u00e9e dans un quartier d\u00e9favoris\u00e9 du centre de la capitale \u00e9conomique du pays et a attaqu\u00e9 des magasins en demandant, selon la presse locale, le d\u00e9part des \u00e9trangers.<\/p>\n<p>La police a rapidement dispers\u00e9 la foule par des tirs de balles en caoutchouc et de grenades paralysantes.<\/p>\n<p>\u00ab\u00a0Nous pouvons confirmer qu\u2019une personne a \u00e9t\u00e9 tu\u00e9e\u00a0\u00bb pendant les violences de l\u2019apr\u00e8s-midi, a dit \u00e0 l\u2019AFP un porte-parole de la police de la ville, Xlolani Fihla, \u00ab\u00a0nous ne connaissons pas les causes de sa mort, ni qui en est \u00e0 l\u2019origine\u00a0\u00bb.<\/p>\n<p>Un porte-parole de la police nationale, le capitaine Kay Makhubele, a confirm\u00e9 ce d\u00e9c\u00e8s et pr\u00e9cis\u00e9 \u00e0 la t\u00e9l\u00e9vision locale eNCA que cinq autres personnes avaient \u00e9t\u00e9 bless\u00e9es et seize interpell\u00e9es.<\/p>\n<p>La police a indiqu\u00e9 dimanche soir sur son compte Twitter que la situation \u00e9tait sous contr\u00f4le\u00a0\u00bb et qu\u2019elle continuait \u00ab\u00a0\u00e0 surveiller le quartier pour \u00e9viter tout nouvel incident\u00a0\u00bb.<\/p>\n<p>Les \u00e9meutes x\u00e9nophobes des derniers jours ont caus\u00e9 \u00e9motion et col\u00e8re dans toute l\u2019Afrique. Dans certains pays comme le Nigeria, des manifestations ont vis\u00e9 en repr\u00e9sailles les int\u00e9r\u00eats sud-africains.<\/p>\n<p>L\u2019Afrique du Sud, premi\u00e8re puissance industrielle du continent, est le th\u00e9\u00e2tre r\u00e9gulier de violences x\u00e9nophobes, nourries par le fort taux de ch\u00f4mage (29%) et la pauvret\u00e9 qui frappent sa population.<\/p>\n<\/div>\n<p>Auteur: AFP<br \/>\n<a href=\"https:\/\/www.journalducameroun.com\/au-moins-un-mort-dans-de-nouvelles-violences-xenophobes-en-afrique-du-sud\/\">Cliquez ici pour lire l&rsquo;article depuis sa source.<\/a><\/p>\n","protected":false},"excerpt":{"rendered":"<p>Publi\u00e9 le 08.09.2019 \u00e0 20h50 par AFP Au moins une personne a \u00e9t\u00e9 tu\u00e9e et cinq bless\u00e9es dimanche dans le centre-ville de Johannesburg, la plus grande ville sud-africaine, lors de nouvelles violences dirig\u00e9es contre les \u00e9trangers, a-t-on appris aupr\u00e8s de la police locale. En d\u00e9but de semaine, l\u2019Afrique du Sud a connu une vague d\u2019\u00e9meutes [&hellip;]<\/p>\n","protected":false},"author":1965,"featured_media":0,"comment_status":"closed","ping_status":"closed","sticky":false,"template":"","format":"standard","meta":{"fifu_image_url":"","fifu_image_alt":"","footnotes":""},"categories":[73,82],"tags":[],"class_list":["post-60564","post","type-post","status-publish","format-standard","hentry","category-actualite","category-cameroun"],"_links":{"self":[{"href":"https:\/\/linitiative.ca\/International\/wp-json\/wp\/v2\/posts\/60564","targetHints":{"allow":["GET"]}}],"collection":[{"href":"https:\/\/linitiative.ca\/International\/wp-json\/wp\/v2\/posts"}],"about":[{"href":"https:\/\/linitiative.ca\/International\/wp-json\/wp\/v2\/types\/post"}],"author":[{"embeddable":true,"href":"https:\/\/linitiative.ca\/International\/wp-json\/wp\/v2\/users\/1965"}],"replies":[{"embeddable":true,"href":"https:\/\/linitiative.ca\/International\/wp-json\/wp\/v2\/comments?post=60564"}],"version-history":[{"count":0,"href":"https:\/\/linitiative.ca\/International\/wp-json\/wp\/v2\/posts\/60564\/revisions"}],"wp:attachment":[{"href":"https:\/\/linitiative.ca\/International\/wp-json\/wp\/v2\/media?parent=60564"}],"wp:term":[{"taxonomy":"category","embeddable":true,"href":"https:\/\/linitiative.ca\/International\/wp-json\/wp\/v2\/categories?post=60564"},{"taxonomy":"post_tag","embeddable":true,"href":"https:\/\/linitiative.ca\/International\/wp-json\/wp\/v2\/tags?post=60564"}],"curies":[{"name":"wp","href":"https:\/\/api.w.org\/{rel}","templated":true}]}}