{"id":60565,"date":"2019-09-08T17:50:03","date_gmt":"2019-09-08T21:50:03","guid":{"rendered":"https:\/\/linitiative.ca\/International\/un-puissant-typhon-sabat-sur-tokyo\/"},"modified":"2019-09-08T17:50:03","modified_gmt":"2019-09-08T21:50:03","slug":"un-puissant-typhon-sabat-sur-tokyo","status":"publish","type":"post","link":"https:\/\/linitiative.ca\/International\/un-puissant-typhon-sabat-sur-tokyo\/","title":{"rendered":"Un puissant typhon s\u2019abat sur Tokyo"},"content":{"rendered":"<div readability=\"32\">\n<p>Publi\u00e9 le 08.09.2019 \u00e0 22h50 par AFP<\/p>\n<\/div>\n<div readability=\"127\">\n<p>Un puissant typhon accompagn\u00e9 de vents et de pluies record s\u2019est abattu lundi matin sur la r\u00e9gion de Tokyo, entra\u00eenant des consignes d\u2019\u00e9vacuation massive, des coupures de courant et des interruptions de transport.<\/p>\n<p>Accompagn\u00e9 de rafales de vent pouvant atteindre 216 km\/h, le typhon Faxai a touch\u00e9 terre \u00e0 Chiba, au sud-est de la capitale, apr\u00e8s avoir franchi la baie de Tokyo.<\/p>\n<p>Les autorit\u00e9s ont \u00e9mis des consignes d\u2019\u00e9vacuation, non obligatoires, pour plus de 390.000 personnes, les services m\u00e9t\u00e9o pr\u00e9voyant que le vent et la pluie pourraient atteindre des niveaux record.<\/p>\n<p>Environ 290.000 foyers ont \u00e9t\u00e9 priv\u00e9s l\u2019\u00e9lectricit\u00e9 dans la r\u00e9gion, et au moins une dizaine de maisons ont \u00e9t\u00e9 endommag\u00e9es \u00e0 Shizuoka, pr\u00e8s de Tokyo, avec des fen\u00eatres souffl\u00e9es et des voitures retourn\u00e9es, selon des m\u00e9dias locaux.<\/p>\n<p>\u00ab\u00a0Soyez en \u00e9tat d\u2019alerte face aux risques de rafales et de fortes vagues. Soyez vigilants quant aux glissements de terrain, inondations et rivi\u00e8res en crue\u00a0\u00bb, a d\u00e9clar\u00e9 l\u2019Agence m\u00e9t\u00e9orologique dans un communiqu\u00e9.<\/p>\n<p>Des images de t\u00e9l\u00e9vision ont montr\u00e9 l\u2019immense toit d\u2019une station service s\u2019effondrant \u00e0 Tateyama, au sud de Tokyo.<\/p>\n<p>La compagnie de transport ferroviaire Central Japan Railway Company a annonc\u00e9 l\u2019annulation d\u2019une centaine de trains \u00e0 grande vitesse reliant Tokyo aux villes du centre et de l\u2019ouest du Japon. Des ferries op\u00e9rant dans la baie de Tokyo avaient \u00e9galement \u00e9t\u00e9 supprim\u00e9s.<\/p>\n<p>East Japan Railway, le plus grand op\u00e9rateur ferroviaire de la capitale, a d\u00e9cid\u00e9 de suspendre lundi matin jusqu\u2019\u00e0 environ 8 heures toutes les lignes de la zone m\u00e9tropolitaine de Tokyo.<\/p>\n<p>\u00ab\u00a0Nous devons inspecter les voies et v\u00e9rifier d\u2019\u00e9ventuels dommages car le typhon frappera la r\u00e9gion dans la nuit\u00a0\u00bb, a d\u00e9clar\u00e9 un porte-parole de la compagnie \u00e0 l\u2019AFP.<\/p>\n<p>\u2013 Vols annul\u00e9s, routes ferm\u00e9es \u2013<\/p>\n<p>Les compagnies a\u00e9riennes ont annul\u00e9 171 vols et certaines autoroutes c\u00f4ti\u00e8res ont \u00e9t\u00e9 ferm\u00e9es \u00e0 l\u2019ouest de la capitale, \u00e0 Kanagawa.<\/p>\n<p>Il n\u2019y a pas \u00e9t\u00e9 fait \u00e9tat lundi matin de blessures graves ou de dommages importants, mais huit surfeurs ont \u00e9t\u00e9 secourus au large de Shizuoka, au sud-ouest de Tokyo, apr\u00e8s avoir \u00e9t\u00e9 emport\u00e9s vers le large, ont indiqu\u00e9 les autorit\u00e9s locales.<\/p>\n<p>\u00ab\u00a0Deux h\u00e9licopt\u00e8res ont \u00e9t\u00e9 d\u00e9p\u00each\u00e9s sur place pendant que des sauveteurs sp\u00e9cialis\u00e9s \u00e9taient envoy\u00e9s en mer\u00a0\u00bb, a d\u00e9clar\u00e9 \u00e0 l\u2019AFP un porte-parole des pompiers.<\/p>\n<p>Deux surfeurs ont \u00e9t\u00e9 hospitalis\u00e9s mais leurs jours ne sont pas en danger, a-t-il pr\u00e9cis\u00e9.<\/p>\n<p>L\u2019arriv\u00e9e de Faxai sur Tokyo co\u00efncide avec celle, pr\u00e9vue, des \u00e9quipes devant participer \u00e0 la Coupe du monde de rugby, qui d\u00e9marre le 20 septembre.<\/p>\n<p>L\u2019\u00e9quipe de France a atterri et a pu rejoindre son camp d\u2019entra\u00eenement pr\u00e8s du Mont Fuji juste avant l\u2019arriv\u00e9e du typhon.<\/p>\n<p>Le typhon Faxai, qui se d\u00e9place vers le nord \u00e0 la vitesse de 25 km\/h, devrait traverser le nord-est du Japon avant de reprendre sa route dans le Pacifique.<\/p>\n<p>Le Japon est habitu\u00e9 aux typhons et aux temp\u00eates tropicales durant la fin de l\u2019\u00e9t\u00e9 et l\u2019automne.<\/p>\n<p>A la mi-ao\u00fbt, le puissant cyclone tropical Krosa a frapp\u00e9 l\u2019ouest du pays, avec des vents violents et des pluies torrentielles qui ont fait un mort.<\/p>\n<p>Fin ao\u00fbt, de violentes inondations ont fait trois morts dans le sud-ouest du pays.<\/p>\n<\/div>\n<p>Auteur: AFP<br \/>\n<a href=\"https:\/\/www.journalducameroun.com\/un-puissant-typhon-sabat-sur-tokyo\/\">Cliquez ici pour lire l&rsquo;article depuis sa source.<\/a><\/p>\n","protected":false},"excerpt":{"rendered":"<p>Publi\u00e9 le 08.09.2019 \u00e0 22h50 par AFP Un puissant typhon accompagn\u00e9 de vents et de pluies record s\u2019est abattu lundi matin sur la r\u00e9gion de Tokyo, entra\u00eenant des consignes d\u2019\u00e9vacuation massive, des coupures de courant et des interruptions de transport. Accompagn\u00e9 de rafales de vent pouvant atteindre 216 km\/h, le typhon Faxai a touch\u00e9 terre [&hellip;]<\/p>\n","protected":false},"author":1965,"featured_media":0,"comment_status":"closed","ping_status":"closed","sticky":false,"template":"","format":"standard","meta":{"fifu_image_url":"","fifu_image_alt":"","footnotes":""},"categories":[73,82],"tags":[],"class_list":["post-60565","post","type-post","status-publish","format-standard","hentry","category-actualite","category-cameroun"],"_links":{"self":[{"href":"https:\/\/linitiative.ca\/International\/wp-json\/wp\/v2\/posts\/60565","targetHints":{"allow":["GET"]}}],"collection":[{"href":"https:\/\/linitiative.ca\/International\/wp-json\/wp\/v2\/posts"}],"about":[{"href":"https:\/\/linitiative.ca\/International\/wp-json\/wp\/v2\/types\/post"}],"author":[{"embeddable":true,"href":"https:\/\/linitiative.ca\/International\/wp-json\/wp\/v2\/users\/1965"}],"replies":[{"embeddable":true,"href":"https:\/\/linitiative.ca\/International\/wp-json\/wp\/v2\/comments?post=60565"}],"version-history":[{"count":0,"href":"https:\/\/linitiative.ca\/International\/wp-json\/wp\/v2\/posts\/60565\/revisions"}],"wp:attachment":[{"href":"https:\/\/linitiative.ca\/International\/wp-json\/wp\/v2\/media?parent=60565"}],"wp:term":[{"taxonomy":"category","embeddable":true,"href":"https:\/\/linitiative.ca\/International\/wp-json\/wp\/v2\/categories?post=60565"},{"taxonomy":"post_tag","embeddable":true,"href":"https:\/\/linitiative.ca\/International\/wp-json\/wp\/v2\/tags?post=60565"}],"curies":[{"name":"wp","href":"https:\/\/api.w.org\/{rel}","templated":true}]}}