{"id":60575,"date":"2019-09-09T06:18:59","date_gmt":"2019-09-09T10:18:59","guid":{"rendered":"https:\/\/linitiative.ca\/International\/ouverture-du-8eme-congres-national-de-la-jeunesse-socialiste\/"},"modified":"2019-09-09T06:18:59","modified_gmt":"2019-09-09T10:18:59","slug":"ouverture-du-8eme-congres-national-de-la-jeunesse-socialiste","status":"publish","type":"post","link":"https:\/\/linitiative.ca\/International\/ouverture-du-8eme-congres-national-de-la-jeunesse-socialiste\/","title":{"rendered":"Ouverture du 8\u00e8me congr\u00e8s national de la Jeunesse socialiste"},"content":{"rendered":"<p class=\"c3\"><strong><span class=\"c2\">Poursuivre le combat pour le renforcement des droits humains, de la d\u00e9mocratie,\u00a0 des libert\u00e9s et de la justice sociale<\/span><\/strong><\/p>\n<p class=\"c5\"><strong><span class=\"c2\">L<span class=\"c4\">e huiti\u00e8me congr\u00e8s national de la Jeunesse socialiste, organisation parall\u00e8le du Parti du progr\u00e8s et du socialisme, s\u2019est ouvert mercredi soir \u00e0 Bouznika en pr\u00e9sence du Secr\u00e9taire g\u00e9n\u00e9ral du PPS, des membres du Bureau politique et du Comit\u00e9 central du parti, des invit\u00e9s repr\u00e9sentant des partis politiques, des organisations nationales et \u00e9trang\u00e8res des jeunes et de quelque 700 congressistes issus des sections locales de l\u2019organisation r\u00e9parties sur 60 pr\u00e9fectures et provinces du pays.<\/span><\/span><\/strong><\/p>\n<p class=\"c3\"><span class=\"c2\"><strong>Mohamed Nabil Benabdallah:<\/strong><\/span> <strong><span class=\"c2\">La nouvelle \u00e9quipe devra reprendre le flambeau de la lutte<\/span><\/strong><\/p>\n<p class=\"c5\"><img loading=\"lazy\" decoding=\"async\" class=\" wp-image-81085 alignright\" src=\"http:\/\/albayane.press.ma\/wp-content\/uploads\/Nabil-Karimi-230x130.jpg\" alt=\"\" width=\"225\" height=\"127\"\/>D\u2019entr\u00e9e, le secr\u00e9taire g\u00e9n\u00e9rale du Parti du progr\u00e8s et du socialisme a rendu hommage \u00e0 l\u2019organisation de la Jeunesse socialiste, \u00e0 sa direction et en particulier au Comit\u00e9 national pr\u00e9paratoire de son 8\u00e8me congr\u00e8s, conduit par le camarade Jalal Moata pour avoir r\u00e9ussi le pari de mener \u00e0 bon escient les pr\u00e9paratifs et de r\u00e9unir ce congr\u00e8s national \u00e0 temps dans un climat national d\u00e9l\u00e9t\u00e8re, marqu\u00e9 par une perte de la confiance dans la chose politique et la d\u00e9valorisation croissante de l\u2019action politique.<\/p>\n<p class=\"c5\">R\u00e9unir quelque 700 congressistes en cette p\u00e9riode morose est un pari r\u00e9ussi, dont il faut \u00eatre fier de la part du parti et de la JS, dont les militants ont administr\u00e9 encore une fois la preuve qu\u2019ils sont les v\u00e9ritables disciples de l\u2019\u00e9cole politique du PPS et qu\u2019ils ne sont pas pr\u00eats d\u2019abdiquer devant les difficult\u00e9s et les obstacles dress\u00e9s devant les organisations des jeunes pour les emp\u00eacher d\u2019op\u00e9rer dans les milieux universitaires, estudiantins et scolaires o\u00f9 la violence est devenue monnaie courante.<\/p>\n<p class=\"c5\">Le 8\u00e8me congr\u00e8s national a pour but majeur non pas seulement de remplacer l\u2019actuel secr\u00e9taire g\u00e9n\u00e9ral de la JS par un autre, mais \u00e9galement et surtout d\u2019ouvrir devant l\u2019organisation de nouvelles perspectives de lutte pour accomplir sa noble mission d\u2019encadrement des jeunes et de leur \u00e9ducation aux valeurs de citoyennet\u00e9, de civisme et d\u2019amour de la patrie et du pays dans le respect de ses institutions, a-t-il dit.<\/p>\n<p class=\"c5\">La nouvelle \u00e9quipe qui sera issue de ce congr\u00e8s devra \u00eatre en mesure de reprendre le flambeau de la lutte et du combat pour la r\u00e9alisation des objectifs d\u00e9finis dans l\u2019int\u00e9r\u00eat du pays, de la patrie et du peuple, a-t-il not\u00e9.<\/p>\n<p class=\"c5\">C\u2019est pourquoi, les responsables de l\u2019organisation sont appel\u00e9s \u00e0 redoubler d\u2019efforts pour que les travaux de ce congr\u00e8s se d\u00e9roulent dans le respect total des r\u00e8gles convenues dans la r\u00e9solution organisationnel du congr\u00e8s et qu\u2019ils aboutissent \u00e0 des r\u00e9sultats positifs visant \u00e0 lutter contre les campagnes m\u00e9diatiques de d\u00e9valorisation de l\u2019action politique et de diabolisation des partis politiques, par l\u2019interm\u00e9diaire d\u2019experts qui r\u00e9p\u00e8tent \u00e0 longueur de journ\u00e9e sur les ondes des chaines de TV et de radio nationales que les \u00e9checs des politiques gouvernementales dans tel ou tel domaine sont imputables aux seuls partis politiques, dont la marginalisation ne sert pas la cause de la d\u00e9mocratie nationale.<\/p>\n<p class=\"c5\">C\u2019est pourquoi, l\u2019on a besoin plus que jamais de proc\u00e9der \u00e0 la r\u00e9habilitation des partis politiques, dont le r\u00f4le dans l\u2019encadrement, l\u2019\u00e9ducation et la mobilisation des populations n\u2019est pas \u00e0 d\u00e9montrer, a-t-il estim\u00e9.<\/p>\n<p class=\"c5\">Ils ont \u00e9t\u00e9 de toutes les batailles \u00e0 commencer par la longue et difficile lutte pour l\u2019ind\u00e9pendance du pays derri\u00e8re l\u2019institution monarchique, jusqu\u2019au parach\u00e8vement de l\u2019int\u00e9grit\u00e9 territoriale en passant par la d\u00e9mocratisation des institutions et la d\u00e9fense des int\u00e9r\u00eats sup\u00e9rieurs de la patrie, a-t-il dit, attirant l\u2019attention sur le danger que repr\u00e9senteraient le manque d\u2019encadrement politique des habitants du fait de la perte de confiance dans les partis politiques, qui sont des institutions de m\u00e9diation.<\/p>\n<p class=\"c5\">Pour faire face \u00e0 une telle orientation\u00a0 n\u00e9gativiste et inverser la tendance dans un sens positif, le PPS appelle depuis son 10\u00e8me congr\u00e8s national \u00e0 insuffler un souffle d\u00e9mocratique nouveau dans la politique du pays, \u00e0 travers la r\u00e9habilitation des partis politiques, le r\u00e8glement de certains dossiers avec la presse et diverses autres affaires \u00e0 caract\u00e8re social pour administrer la preuve que la d\u00e9mocratie est l\u2019objectif majeur et pour dissiper toutes les inqui\u00e9tudes. C\u2019est dans ces conditions que l\u2019\u00e9conomie nationale sera en mesure de produire plus de richesses et d\u2019opportunit\u00e9s d\u2019emploi qu\u2019il incombe \u00e0 l\u2019Etat de r\u00e9partir de mani\u00e8re \u00e9quitable entre les couches sociales et les territoires, a-t-il expliqu\u00e9. C\u2019est \u00e0 travers une telle action qu\u2019il sera possible de mobiliser les couches sociales pour soutenir tous les changements dans le but d\u2019insuffler un souffle d\u00e9mocratique nouveau au mod\u00e8le marocain, a-t-il ajout\u00e9.<\/p>\n<p class=\"c5\">Revenant en d\u00e9tail sur sa derni\u00e8re rencontre avec le chef du gouvernement, le SG du PPS a indiqu\u00e9 avoir discut\u00e9 avec lui le remaniement gouvernemental pr\u00e9vu, soulignant que ce qui importe en premier pour le PPS, ce n\u2019est pas le nombre de postes mais plut\u00f4t les dispositions \u00e0 prendre pour changer de cap et mettre fin aux d\u00e9faillances et insuffisances ayant entach\u00e9 l\u2019action de l\u2019actuelle \u00e9quipe gouvernementale et qui ont \u00e9t\u00e9 pr\u00e9cis\u00e9ment soulign\u00e9s dans le dernier du discours royal.<\/p>\n<p class=\"c5\">\u00a0Comme l\u2019a indiqu\u00e9 le chef du gouvernement, le PPS fait toujours partie des composantes du gouvernement, a-t-il dit. Et rien ne laisse entendre dans les propos de Saad Eddine Othmani que le PPS a \u00e9t\u00e9 plac\u00e9 en dehors de cette majorit\u00e9.<\/p>\n<p class=\"c5\">Pour le PPS, a-t-il ajout\u00e9, si changement il y a, il doit porter surtout sur l\u2019orientation \u00e0 donner \u00e0 l\u2019action gouvernementale pour renforcer les capacit\u00e9s de l\u2019\u00e9quipe gouvernementale, qui doit \u00eatre porteuse d\u2019un message politique clair pour devenir un interlocuteur cr\u00e9dible et \u00e9cout\u00e9 du peuple.<\/p>\n<p class=\"c5\">Pour les militants de la Jeunesse socialiste, le message \u00e0 passer aux jeunes dans les bidonvilles, les faubourgs des villes, les campagnes et les villes doit permettre de les r\u00e9concilier avec la chose politique et les partis politiques.<\/p>\n<p class=\"c5\">Au-del\u00e0 donc de l\u2019\u00e9lection du nouveau SG de la JS, le combat doit se poursuivre pour le renforcement des droits humains et davantage de d\u00e9mocratisation de la vie publique, de dignit\u00e9, de libert\u00e9 et de justice sociale, a-t-il martel\u00e9, tout en r\u00e9affirmant l\u2019engagement constant du PPS d\u2019accompagner et de soutenir cette organisation des jeunes, qui compte d\u00e9j\u00e0 40 ans de lutte et de r\u00e9alisations au profit du pays et des jeunes.<\/p>\n<p class=\"c3\"><strong><span class=\"c2\">Jalal Moata : Ce Congr\u00e8s constitue en soi un Exploit<\/span><\/strong><\/p>\n<p class=\"c5\">Tout en annon\u00e7ant l\u2019ouverture des travaux de ce 8\u00e8me congr\u00e8s national de la JS, le pr\u00e9sident du Comit\u00e9 national pr\u00e9paratoire, Jalal Moata dont l\u2019action a \u00e9t\u00e9 salu\u00e9e par tous, a fait savoir que l\u2019agenda convenu pour ce faire a \u00e9t\u00e9 respect\u00e9 et que les d\u00e9bats et l\u2019\u00e9coute des uns et des autres ont permis de r\u00e9gler tous les points de discorde en faisant appel en cas de besoin \u00e0 l\u2019arbitrage du SG du PPS.<\/p>\n<p class=\"c5\">Au final, toutes les capacit\u00e9s qui se sont manifest\u00e9es ont \u00e9t\u00e9 associ\u00e9es aux d\u00e9bats et les travaux pr\u00e9paratoires se sont d\u00e9roul\u00e9s dans la transparence et l\u2019impartialit\u00e9 positive, a-t-il expliqu\u00e9.<\/p>\n<p class=\"c5\">Mais ce qui est s\u00fbr que ces travaux pr\u00e9paratoires ont permis de faire comprendre \u00e0 tous que la Jeunesse socialiste a un r\u00f4le hautement positif \u00e0 jouer au sein de la soci\u00e9t\u00e9 marocaine et des jeunes, d\u00e9laiss\u00e9s pour compte sans encadrement et sans \u00e9duction civique \u00e0 la merci d\u2019organisations et de courants fanatiques et extr\u00e9mistes \u00e0 l\u2019heure de l\u2019invasion des villes et campagnes par les drogues et l\u2019analphab\u00e9tisme.<\/p>\n<p class=\"c5\">Selon lui, ce congr\u00e8s repr\u00e9sente en soi un exploit et une \u00e9tape organisationnelle d\u2019une grande importance pour l\u2019avenir de l\u2019organisation. C\u2019est aussi un exercice de d\u00e9mocratie interne qui devra permettre de renforcer les rangs de l\u2019organisation par de nouvelles recrues, a-t-il ajout\u00e9.<\/p>\n<p class=\"c3\"><span class=\"c2\"><strong>Jamal Krimi Benchekroun : La JS fait partie d\u2019une \u00e9cole progressiste au service de la patrie<\/strong><\/span><\/p>\n<p class=\"c5\">Pour sa part, le Secr\u00e9taire g\u00e9n\u00e9ral de la JS, Krimi Jamal Benchekroun a pr\u00e9sent\u00e9 un rapport d\u00e9taill\u00e9, qui revient de mani\u00e8re exhaustive et d\u00e9taill\u00e9e sur les r\u00e9alisations de l\u2019organisation durant les quatre derni\u00e8res ann\u00e9es. Il a notamment soulign\u00e9 la n\u00e9cessit\u00e9 pour l\u2019Etat d\u2019accorder aux organisations des jeunes le soutien mat\u00e9riel requis pour les aider \u00e0 s\u2019acquitter de leur noble mission d\u2019encadrement et d\u2019\u00e9ducation civique des jeunes et de leur protection des diff\u00e9rents maux qui ronge la soci\u00e9t\u00e9.<\/p>\n<p class=\"c5\">Les organisations des jeunes m\u00e9ritent d\u2019\u00eatre soutenues comme le sont les partis politiques, a-t-il indiqu\u00e9. Elles doivent aussi \u00eatre autoris\u00e9es \u00e0 aller \u00e0 la rencontre des jeunes dans les diff\u00e9rents \u00e9tablissements scolaires et universitaires, devenus la chasse gard\u00e9e d\u2019id\u00e9ologies extr\u00e9mistes r\u00e9trogrades et de courants nihilistes.<\/p>\n<p class=\"c5\">La JS fait partie d\u2019une \u00e9cole progressiste au service de la patrie et des int\u00e9r\u00eats du pays et du peuple, a-t-il affirm\u00e9.<\/p>\n<p class=\"c5\">Rien qu\u2019au cours des quatre derni\u00e8res ann\u00e9es, elle a r\u00e9ussi \u00e0 r\u00e9aliser en s\u2019appuyant sur ses propres moyens un bilan hautement positif : des rencontres de communication, des enqu\u00eates, des d\u00e9bats, des conf\u00e9rences, des ateliers artistiques, des journ\u00e9es de formation, des universit\u00e9s, mais \u00e9galement et surtout des activit\u00e9s \u00e0 caract\u00e8re international dans le cadre de la diplomatie parall\u00e8le pour le soutien de la cause nationale. C\u2019est le cas de sa participation distingu\u00e9e \u00e0 Sotchi en Russie en 2017 au 19\u00e8me Festival international de la Jeunesse et des Etudiants et d\u2019autres rencontres.<\/p>\n<p class=\"c5\">Les congressistes ont \u00e9galement suivi\u00a0 un film documentaire qui donne de plus amples d\u00e9tails sur ces diff\u00e9rentes r\u00e9alisations.<\/p>\n<p class=\"c5\">Des distinctions honorifiques ont \u00e9t\u00e9 ensuite remises \u00e0 de nombreux militants de l\u2019organisation.<\/p>\n<p class=\"c6\"><strong>DNES \u00e0 Bouznika: M\u2019barek Tafsi<\/strong><\/p>\n<p>Auteur: M&rsquo;hammed rahal<br \/>\n<a href=\"http:\/\/albayane.press.ma\/ouverture-du-8eme-congres-national-de-la-jeunesse-socialiste.html\">Cliquez ici pour lire l&rsquo;article depuis sa source.<\/a><\/p>\n","protected":false},"excerpt":{"rendered":"<p>Poursuivre le combat pour le renforcement des droits humains, de la d\u00e9mocratie,\u00a0 des libert\u00e9s et de la justice sociale Le huiti\u00e8me congr\u00e8s national de la Jeunesse socialiste, organisation parall\u00e8le du Parti du progr\u00e8s et du socialisme, s\u2019est ouvert mercredi soir \u00e0 Bouznika en pr\u00e9sence du Secr\u00e9taire g\u00e9n\u00e9ral du PPS, des membres du Bureau politique et [&hellip;]<\/p>\n","protected":false},"author":1760,"featured_media":60576,"comment_status":"closed","ping_status":"closed","sticky":false,"template":"","format":"standard","meta":{"fifu_image_url":"","fifu_image_alt":"","footnotes":""},"categories":[73,54],"tags":[],"class_list":["post-60575","post","type-post","status-publish","format-standard","has-post-thumbnail","hentry","category-actualite","category-maroc"],"_links":{"self":[{"href":"https:\/\/linitiative.ca\/International\/wp-json\/wp\/v2\/posts\/60575","targetHints":{"allow":["GET"]}}],"collection":[{"href":"https:\/\/linitiative.ca\/International\/wp-json\/wp\/v2\/posts"}],"about":[{"href":"https:\/\/linitiative.ca\/International\/wp-json\/wp\/v2\/types\/post"}],"author":[{"embeddable":true,"href":"https:\/\/linitiative.ca\/International\/wp-json\/wp\/v2\/users\/1760"}],"replies":[{"embeddable":true,"href":"https:\/\/linitiative.ca\/International\/wp-json\/wp\/v2\/comments?post=60575"}],"version-history":[{"count":0,"href":"https:\/\/linitiative.ca\/International\/wp-json\/wp\/v2\/posts\/60575\/revisions"}],"wp:featuredmedia":[{"embeddable":true,"href":"https:\/\/linitiative.ca\/International\/wp-json\/"}],"wp:attachment":[{"href":"https:\/\/linitiative.ca\/International\/wp-json\/wp\/v2\/media?parent=60575"}],"wp:term":[{"taxonomy":"category","embeddable":true,"href":"https:\/\/linitiative.ca\/International\/wp-json\/wp\/v2\/categories?post=60575"},{"taxonomy":"post_tag","embeddable":true,"href":"https:\/\/linitiative.ca\/International\/wp-json\/wp\/v2\/tags?post=60575"}],"curies":[{"name":"wp","href":"https:\/\/api.w.org\/{rel}","templated":true}]}}