{"id":60578,"date":"2019-09-09T04:36:28","date_gmt":"2019-09-09T08:36:28","guid":{"rendered":"https:\/\/linitiative.ca\/International\/tunisie-ukraine-developpement-de-la-cooperation-entre-les-banques-centrales\/"},"modified":"2019-09-09T04:36:28","modified_gmt":"2019-09-09T08:36:28","slug":"tunisie-ukraine-developpement-de-la-cooperation-entre-les-banques-centrales","status":"publish","type":"post","link":"https:\/\/linitiative.ca\/International\/tunisie-ukraine-developpement-de-la-cooperation-entre-les-banques-centrales\/","title":{"rendered":"Tunisie \u2013 Ukraine\u00a0: D\u00e9veloppement de la coop\u00e9ration entre les banques centrales"},"content":{"rendered":"<p class=\"c1\">Un protocole d\u2019accord visant le d\u00e9veloppement d\u2019un cadre de coop\u00e9ration et d\u2019\u00e9change des<br \/>connaissances entre la Banque Centrale de Tunisie (BCT) et la Banque Nationale d\u2019Ukraine<br \/>(NBU) a \u00e9t\u00e9 sign\u00e9 jeudi 5 septembre 2019 \u00e0 Kyev.<br \/>Cet accord ciblant les diff\u00e9rents domaines, notamment la politique mon\u00e9taire, la<br \/>r\u00e9glementation des changes, la communication, a \u00e9t\u00e9 conjointement sign\u00e9 par le gouverneur<br \/>de la BCT Marouane El Abassi et celui de la NBU, Yakiv Smolii, pr\u00e9cise un communiqu\u00e9 de<br \/>la BCT.<br \/>Ce protocole d\u2019accord facilitera le partage mutuel d\u2019expertise et de comp\u00e9tences et ce, par<br \/>l\u2019organisation de diff\u00e9rentes visites de travail, de consultations techniques, l\u2019organisation de<br \/>formation, s\u00e9minaires, workshops et des activit\u00e9s de recherche.<br \/>Le gouverneur de la NBU, Yakiv Smolii a indiqu\u00e9 \u00ab qu\u2019 au cours des cinq derni\u00e8res ann\u00e9es, la<br \/>NBU s\u2019est consid\u00e9rablement d\u00e9velopp\u00e9e pour devenir une institution puissante et<br \/>ind\u00e9pendante dot\u00e9e d\u2019une profonde expertise et d\u2019approches novatrices de la banque centrale<br \/>traditionnelle \u00ab .<br \/>\u00bb Ceci est reconnu par la communaut\u00e9 internationale des banquiers centraux, entre autres.<br \/>J\u2019esp\u00e8re que notre coop\u00e9ration et notre volont\u00e9 de partager nos r\u00e9alisations contribueront au<br \/>d\u00e9veloppement d\u2019une Banque Centrale de Tunisie moderne \u00ab , a-t-il d\u00e9clar\u00e9<\/p>\n<p>Pour sa part, El Abassi, a soulign\u00e9 l\u2019importance de ce protocole d\u2019accord \u00bb qui permet \u00e0 la<br \/>BCT de collaborer avec des institutions initiatrices des meilleures pratiques. Ceci s\u2019inscrit<br \/>dans le droit fil de la vision strat\u00e9gique de la BCT d\u2019\u00eatre une Banque Centrale moderne,<br \/>proactive et efficiente \u00e0 l\u2019avant-garde des transformations \u00e9conomiques et financi\u00e8res.<br \/>\u00bb Nous partageons des similitudes avec la NBU, notamment dans la gestion des phases de<br \/>transitions politiques et \u00e9conomiques. Les volets de politique mon\u00e9taire, de communication et<br \/>de transformation sont parmi les projets strat\u00e9gique sur lesquels l\u2019exp\u00e9rience de la NBU sera<br \/>d\u2019un apport certain pour la BCT \u00ab , a-t-il conclu.<br \/>Le m\u00e9morandum entr\u00e9 en vigueur apr\u00e8s la signature par les gouverneurs, contribuera \u00e0<br \/>renforcer et \u00e0 officialiser les relations strat\u00e9giques entre les deux institutions.<\/p>\n<p class=\"dpsp-share-text\">Partager c&rsquo;est aimer!<\/p>\n<div class=\"wp-post-author-wrap wp-post-author-shortcode left\">\n<h3 class=\"awpa-title\"\/>\n<div class=\"wp-post-author\">\n<div class=\"awpa-img awpa-author-block square\"><a href=\"http:\/\/lexpertjournal.net\/fr\/author\/expert\/\"><img loading=\"lazy\" decoding=\"async\" alt=\"\" src=\"http:\/\/2.gravatar.com\/avatar\/56d99be2a6f97af88ccb49fada637fcd?s=150&#038;d=mm&#038;r=g\" srcset=\"http:\/\/2.gravatar.com\/avatar\/56d99be2a6f97af88ccb49fada637fcd?s=300&#038;d=mm&#038;r=g 2x\" class=\"avatar avatar-150 photo\" height=\"150\" width=\"150\"\/><\/a><\/div>\n<\/div>\n<\/div>\n<p>Auteur: L&rsquo;expert<br \/>\n<a href=\"http:\/\/lexpertjournal.net\/fr\/2019\/09\/09\/tunisie-ukraine-developpement-de-la-cooperation-entre-les-banques-centrales\/\">Cliquez ici pour lire l&rsquo;article depuis sa source.<\/a><\/p>\n","protected":false},"excerpt":{"rendered":"<p>Un protocole d\u2019accord visant le d\u00e9veloppement d\u2019un cadre de coop\u00e9ration et d\u2019\u00e9change desconnaissances entre la Banque Centrale de Tunisie (BCT) et la Banque Nationale d\u2019Ukraine(NBU) a \u00e9t\u00e9 sign\u00e9 jeudi 5 septembre 2019 \u00e0 Kyev.Cet accord ciblant les diff\u00e9rents domaines, notamment la politique mon\u00e9taire, lar\u00e9glementation des changes, la communication, a \u00e9t\u00e9 conjointement sign\u00e9 par le gouverneurde [&hellip;]<\/p>\n","protected":false},"author":1775,"featured_media":0,"comment_status":"closed","ping_status":"closed","sticky":false,"template":"","format":"standard","meta":{"fifu_image_url":"","fifu_image_alt":"","footnotes":""},"categories":[78,55],"tags":[],"class_list":["post-60578","post","type-post","status-publish","format-standard","hentry","category-economie","category-tunisie"],"_links":{"self":[{"href":"https:\/\/linitiative.ca\/International\/wp-json\/wp\/v2\/posts\/60578","targetHints":{"allow":["GET"]}}],"collection":[{"href":"https:\/\/linitiative.ca\/International\/wp-json\/wp\/v2\/posts"}],"about":[{"href":"https:\/\/linitiative.ca\/International\/wp-json\/wp\/v2\/types\/post"}],"author":[{"embeddable":true,"href":"https:\/\/linitiative.ca\/International\/wp-json\/wp\/v2\/users\/1775"}],"replies":[{"embeddable":true,"href":"https:\/\/linitiative.ca\/International\/wp-json\/wp\/v2\/comments?post=60578"}],"version-history":[{"count":0,"href":"https:\/\/linitiative.ca\/International\/wp-json\/wp\/v2\/posts\/60578\/revisions"}],"wp:attachment":[{"href":"https:\/\/linitiative.ca\/International\/wp-json\/wp\/v2\/media?parent=60578"}],"wp:term":[{"taxonomy":"category","embeddable":true,"href":"https:\/\/linitiative.ca\/International\/wp-json\/wp\/v2\/categories?post=60578"},{"taxonomy":"post_tag","embeddable":true,"href":"https:\/\/linitiative.ca\/International\/wp-json\/wp\/v2\/tags?post=60578"}],"curies":[{"name":"wp","href":"https:\/\/api.w.org\/{rel}","templated":true}]}}