{"id":60579,"date":"2019-09-09T04:41:42","date_gmt":"2019-09-09T08:41:42","guid":{"rendered":"https:\/\/linitiative.ca\/International\/transport-aerien-tunisair-express-renouvelle-sa-flotte\/"},"modified":"2019-09-09T04:41:42","modified_gmt":"2019-09-09T08:41:42","slug":"transport-aerien-tunisair-express-renouvelle-sa-flotte","status":"publish","type":"post","link":"https:\/\/linitiative.ca\/International\/transport-aerien-tunisair-express-renouvelle-sa-flotte\/","title":{"rendered":"Transport a\u00e9rien\u00a0: Tunisair Express renouvelle sa flotte"},"content":{"rendered":"<p class=\"c1\">Tunisair Express, filiale du groupe Tunisair et l\u2019entreprise Avions de transport r\u00e9gional<br \/>(ATR), num\u00e9ro un mondial de la construction d\u2019avions r\u00e9gionaux, ont confirm\u00e9 une<br \/>commande ferme portant sur trois ATR 72-600, a indiqu\u00e9 la compagnie Tunisair Express dans<br \/>un communiqu\u00e9.<br \/>La premi\u00e8re livraison est pr\u00e9vue pour le mois d\u2019octobre 2019, la seconde pour novembre et la<br \/>3e pour avril 2020. Ces appareils permettront \u00e0 Tunisair Express de renouveler sa flotte<br \/>r\u00e9gionale et d\u2019offrir des liaisons a\u00e9riennes essentielles, tant \u00e0 l\u2019int\u00e9rieur du pays qu\u2019\u00e0<br \/>l\u2019international.<br \/>Tunisair Express op\u00e8re sur tout le r\u00e9seau int\u00e9rieur tunisien ainsi que sur les destinations<br \/>internationales de proximit\u00e9. La compagnie offre \u00e9galement un service charters notamment<br \/>aux tours op\u00e9rateurs europ\u00e9ens. Cr\u00e9\u00e9e en 1992 sous le nom de Tuninter, elle transporte<br \/>chaque ann\u00e9e plusieurs milliers de passagers sur ses lignes.<\/p>\n<p class=\"dpsp-share-text\">Partager c&rsquo;est aimer!<\/p>\n<div class=\"wp-post-author-wrap wp-post-author-shortcode left\">\n<h3 class=\"awpa-title\"\/>\n<div class=\"wp-post-author\">\n<div class=\"awpa-img awpa-author-block square\"><a href=\"http:\/\/lexpertjournal.net\/fr\/author\/expert\/\"><img loading=\"lazy\" decoding=\"async\" alt=\"\" src=\"http:\/\/2.gravatar.com\/avatar\/56d99be2a6f97af88ccb49fada637fcd?s=150&#038;d=mm&#038;r=g\" srcset=\"http:\/\/2.gravatar.com\/avatar\/56d99be2a6f97af88ccb49fada637fcd?s=300&#038;d=mm&#038;r=g 2x\" class=\"avatar avatar-150 photo\" height=\"150\" width=\"150\"\/><\/a><\/div>\n<\/div>\n<\/div>\n<p>Auteur: L&rsquo;expert<br \/>\n<a href=\"http:\/\/lexpertjournal.net\/fr\/2019\/09\/09\/transport-aerien-tunisair-express-renouvelle-sa-flotte\/\">Cliquez ici pour lire l&rsquo;article depuis sa source.<\/a><\/p>\n","protected":false},"excerpt":{"rendered":"<p>Tunisair Express, filiale du groupe Tunisair et l\u2019entreprise Avions de transport r\u00e9gional(ATR), num\u00e9ro un mondial de la construction d\u2019avions r\u00e9gionaux, ont confirm\u00e9 unecommande ferme portant sur trois ATR 72-600, a indiqu\u00e9 la compagnie Tunisair Express dansun communiqu\u00e9.La premi\u00e8re livraison est pr\u00e9vue pour le mois d\u2019octobre 2019, la seconde pour novembre et la3e pour avril 2020. [&hellip;]<\/p>\n","protected":false},"author":1775,"featured_media":0,"comment_status":"closed","ping_status":"closed","sticky":false,"template":"","format":"standard","meta":{"fifu_image_url":"","fifu_image_alt":"","footnotes":""},"categories":[78,55],"tags":[],"class_list":["post-60579","post","type-post","status-publish","format-standard","hentry","category-economie","category-tunisie"],"_links":{"self":[{"href":"https:\/\/linitiative.ca\/International\/wp-json\/wp\/v2\/posts\/60579","targetHints":{"allow":["GET"]}}],"collection":[{"href":"https:\/\/linitiative.ca\/International\/wp-json\/wp\/v2\/posts"}],"about":[{"href":"https:\/\/linitiative.ca\/International\/wp-json\/wp\/v2\/types\/post"}],"author":[{"embeddable":true,"href":"https:\/\/linitiative.ca\/International\/wp-json\/wp\/v2\/users\/1775"}],"replies":[{"embeddable":true,"href":"https:\/\/linitiative.ca\/International\/wp-json\/wp\/v2\/comments?post=60579"}],"version-history":[{"count":0,"href":"https:\/\/linitiative.ca\/International\/wp-json\/wp\/v2\/posts\/60579\/revisions"}],"wp:attachment":[{"href":"https:\/\/linitiative.ca\/International\/wp-json\/wp\/v2\/media?parent=60579"}],"wp:term":[{"taxonomy":"category","embeddable":true,"href":"https:\/\/linitiative.ca\/International\/wp-json\/wp\/v2\/categories?post=60579"},{"taxonomy":"post_tag","embeddable":true,"href":"https:\/\/linitiative.ca\/International\/wp-json\/wp\/v2\/tags?post=60579"}],"curies":[{"name":"wp","href":"https:\/\/api.w.org\/{rel}","templated":true}]}}