{"id":60581,"date":"2019-09-09T04:50:13","date_gmt":"2019-09-09T08:50:13","guid":{"rendered":"https:\/\/linitiative.ca\/International\/echeances-electorales-les-forces-militaires-pretes-a-toute-eventualite\/"},"modified":"2019-09-09T04:50:13","modified_gmt":"2019-09-09T08:50:13","slug":"echeances-electorales-les-forces-militaires-pretes-a-toute-eventualite","status":"publish","type":"post","link":"https:\/\/linitiative.ca\/International\/echeances-electorales-les-forces-militaires-pretes-a-toute-eventualite\/","title":{"rendered":"Ech\u00e9ances \u00e9lectorales\u00a0: Les forces militaires pr\u00eates \u00e0 toute \u00e9ventualit\u00e9"},"content":{"rendered":"<p>Le Conseil sup\u00e9rieur des arm\u00e9es, s\u2019est r\u00e9uni, vendredi, au Palais de Carthage, sous la<br \/>pr\u00e9sidence du pr\u00e9sident de la R\u00e9publique par int\u00e9rim, Mohamed Ennaceur, dans le cadre du<br \/>suivi des activit\u00e9s du minist\u00e8re de la D\u00e9fense nationale et de ses programmes.<br \/>La r\u00e9union a examin\u00e9 la situation g\u00e9n\u00e9rale des forces arm\u00e9es et les pr\u00e9paratifs en vue<br \/>d\u2019assurer les \u00e9ch\u00e9ances \u00e9lectorales \u00e0 venir, en coordination avec le minist\u00e8re de l\u2019Int\u00e9rieur,<br \/>l\u2019Instance Sup\u00e9rieure Ind\u00e9pendante pour les Elections (ISIE) et les diverses structures<br \/>concern\u00e9es, selon un communiqu\u00e9 de la Pr\u00e9sidence.<br \/>Les participants ont, \u00e9galement, discut\u00e9 de la coop\u00e9ration militaire entre la Tunisie et un<br \/>certain nombre de pays fr\u00e8res et amis, ainsi que de la coordination entre le minist\u00e8re de la<br \/>D\u00e9fense nationale et le minist\u00e8re de l\u2019Int\u00e9rieur dans la lutte contre le terrorisme et la<br \/>protection des fronti\u00e8res.<br \/>Ennaceur a salu\u00e9 les efforts de tous les employ\u00e9s des institutions militaire et s\u00e9curitaire, \u00e0 la<br \/>suite du succ\u00e8s de la r\u00e9cente op\u00e9ration anticipative men\u00e9e \u00e0 Ha\u00efdra, dans le gouvernorat de<br \/>Kasserine, et leur disponibilit\u00e9 en toutes circonstances.<\/p>\n<p class=\"dpsp-share-text\">Partager c&rsquo;est aimer!<\/p>\n<div class=\"wp-post-author-wrap wp-post-author-shortcode left\">\n<h3 class=\"awpa-title\"\/>\n<div class=\"wp-post-author\">\n<div class=\"awpa-img awpa-author-block square\"><a href=\"http:\/\/lexpertjournal.net\/fr\/author\/expert\/\"><img loading=\"lazy\" decoding=\"async\" alt=\"\" src=\"http:\/\/2.gravatar.com\/avatar\/56d99be2a6f97af88ccb49fada637fcd?s=150&#038;d=mm&#038;r=g\" srcset=\"http:\/\/2.gravatar.com\/avatar\/56d99be2a6f97af88ccb49fada637fcd?s=300&#038;d=mm&#038;r=g 2x\" class=\"avatar avatar-150 photo\" height=\"150\" width=\"150\"\/><\/a><\/div>\n<\/div>\n<\/div>\n<p>Auteur: L&rsquo;expert<br \/>\n<a href=\"http:\/\/lexpertjournal.net\/fr\/2019\/09\/09\/echeances-electorales-les-forces-militaires-pretes-a-toute-eventualite\/\">Cliquez ici pour lire l&rsquo;article depuis sa source.<\/a><\/p>\n","protected":false},"excerpt":{"rendered":"<p>Le Conseil sup\u00e9rieur des arm\u00e9es, s\u2019est r\u00e9uni, vendredi, au Palais de Carthage, sous lapr\u00e9sidence du pr\u00e9sident de la R\u00e9publique par int\u00e9rim, Mohamed Ennaceur, dans le cadre dusuivi des activit\u00e9s du minist\u00e8re de la D\u00e9fense nationale et de ses programmes.La r\u00e9union a examin\u00e9 la situation g\u00e9n\u00e9rale des forces arm\u00e9es et les pr\u00e9paratifs en vued\u2019assurer les \u00e9ch\u00e9ances [&hellip;]<\/p>\n","protected":false},"author":1775,"featured_media":0,"comment_status":"closed","ping_status":"closed","sticky":false,"template":"","format":"standard","meta":{"fifu_image_url":"","fifu_image_alt":"","footnotes":""},"categories":[78,55],"tags":[],"class_list":["post-60581","post","type-post","status-publish","format-standard","hentry","category-economie","category-tunisie"],"_links":{"self":[{"href":"https:\/\/linitiative.ca\/International\/wp-json\/wp\/v2\/posts\/60581","targetHints":{"allow":["GET"]}}],"collection":[{"href":"https:\/\/linitiative.ca\/International\/wp-json\/wp\/v2\/posts"}],"about":[{"href":"https:\/\/linitiative.ca\/International\/wp-json\/wp\/v2\/types\/post"}],"author":[{"embeddable":true,"href":"https:\/\/linitiative.ca\/International\/wp-json\/wp\/v2\/users\/1775"}],"replies":[{"embeddable":true,"href":"https:\/\/linitiative.ca\/International\/wp-json\/wp\/v2\/comments?post=60581"}],"version-history":[{"count":0,"href":"https:\/\/linitiative.ca\/International\/wp-json\/wp\/v2\/posts\/60581\/revisions"}],"wp:attachment":[{"href":"https:\/\/linitiative.ca\/International\/wp-json\/wp\/v2\/media?parent=60581"}],"wp:term":[{"taxonomy":"category","embeddable":true,"href":"https:\/\/linitiative.ca\/International\/wp-json\/wp\/v2\/categories?post=60581"},{"taxonomy":"post_tag","embeddable":true,"href":"https:\/\/linitiative.ca\/International\/wp-json\/wp\/v2\/tags?post=60581"}],"curies":[{"name":"wp","href":"https:\/\/api.w.org\/{rel}","templated":true}]}}