{"id":60583,"date":"2019-09-09T08:24:00","date_gmt":"2019-09-09T12:24:00","guid":{"rendered":"https:\/\/linitiative.ca\/International\/deux-detenus-liberes\/"},"modified":"2019-09-09T08:24:00","modified_gmt":"2019-09-09T12:24:00","slug":"deux-detenus-liberes","status":"publish","type":"post","link":"https:\/\/linitiative.ca\/International\/deux-detenus-liberes\/","title":{"rendered":"Deux d\u00e9tenus lib\u00e9r\u00e9s"},"content":{"rendered":"<div id=\"originalText\" readability=\"59\">\n<p>Les deux manifestants Hakim Aissi et Massil Djahara, interpell\u00e9s il y a deux mois, pour port de l\u2019embl\u00e8me amazigh, ont \u00e9t\u00e9 lib\u00e9r\u00e9s, ce lundi, a annonc\u00e9 le comit\u00e9 national pour la lib\u00e9ration des d\u00e9tenus.<\/p>\n<p>Alors que le procureur de la R\u00e9publique avait requis deux ans de prison ferme \u00e0 l\u2019encontre de Hakim Aissi, pour port de l\u2019embl\u00e8me Amazigh. Aujourd\u2019hui, apr\u00e8s plus de deux mois de d\u00e9tention, le tribunal de Mostaganem a d\u00e9cid\u00e9 \u00ab\u00a0la lib\u00e9ration imm\u00e9diate du d\u00e9tenu et la restitution de son drapeau amazigh, confisqu\u00e9 par la police lors de son arrestation le 5 juillet\u00a0\u00bb, a indiqu\u00e9 le comit\u00e9 national pour la lib\u00e9ration des d\u00e9tenus (CNLD).<\/p>\n<p>Massil Djahar, poursuivi pour le m\u00eame motif, \u00a0a \u00e9galement \u00e9t\u00e9 lib\u00e9r\u00e9 ce lundi par le tribunal de Batna.<\/p>\n<p>\u00ab\u00a0La demande de lib\u00e9ration du militant chaoui Massil Djahara (affaire du drapeau amazigh de Batna) a \u00e9t\u00e9 accept\u00e9e. Le jugement d\u00e9finitif sera connu ult\u00e9rieurement (prochains jours)\u00a0\u00bb, a pr\u00e9cis\u00e9 la m\u00eame source.<\/p>\n<p><iframe loading=\"lazy\" allow=\"accelerometer; autoplay; encrypted-media; gyroscope; picture-in-picture\" allowfullscreen=\"\" frameborder=\"0\" height=\"315\" src=\"https:\/\/www.youtube.com\/embed\/fgjWyVRVoPQ\" width=\"560\">[embedded content]<\/iframe><\/p>\n<p class=\"c10\"><strong>Sihem Benmalek<\/strong><\/p>\n<\/div>\n<div id=\"text_core\" readability=\"59\">\n<p>Les deux manifestants Hakim Aissi et Massil Djahara, interpell\u00e9s il y a deux mois, pour port de l\u2019embl\u00e8me amazigh, ont \u00e9t\u00e9 lib\u00e9r\u00e9s, ce lundi, a annonc\u00e9 le comit\u00e9 national pour la lib\u00e9ration des d\u00e9tenus.<\/p>\n<p>Alors que le procureur de la R\u00e9publique avait requis deux ans de prison ferme \u00e0 l\u2019encontre de Hakim Aissi, pour port de l\u2019embl\u00e8me Amazigh. Aujourd\u2019hui, apr\u00e8s plus de deux mois de d\u00e9tention, le tribunal de Mostaganem a d\u00e9cid\u00e9 \u00ab\u00a0la lib\u00e9ration imm\u00e9diate du d\u00e9tenu et la restitution de son drapeau amazigh, confisqu\u00e9 par la police lors de son arrestation le 5 juillet\u00a0\u00bb, a indiqu\u00e9 le comit\u00e9 national pour la lib\u00e9ration des d\u00e9tenus (CNLD).<\/p>\n<p>Massil Djahar, poursuivi pour le m\u00eame motif, \u00a0a \u00e9galement \u00e9t\u00e9 lib\u00e9r\u00e9 ce lundi par le tribunal de Batna.<\/p>\n<p>\u00ab\u00a0La demande de lib\u00e9ration du militant chaoui Massil Djahara (affaire du drapeau amazigh de Batna) a \u00e9t\u00e9 accept\u00e9e. Le jugement d\u00e9finitif sera connu ult\u00e9rieurement (prochains jours)\u00a0\u00bb, a pr\u00e9cis\u00e9 la m\u00eame source.<\/p>\n<p><iframe loading=\"lazy\" allow=\"accelerometer; autoplay; encrypted-media; gyroscope; picture-in-picture\" allowfullscreen=\"\" frameborder=\"0\" height=\"315\" src=\"https:\/\/www.youtube.com\/embed\/fgjWyVRVoPQ\" width=\"560\">[embedded content]<\/iframe><\/p>\n<p class=\"c10\"><strong>Sihem Benmalek<\/strong><\/p>\n<\/div>\n<p>Auteur:<br \/>\n<a href=\"https:\/\/www.liberte-algerie.com\/actualite\/deux-detenus-liberes-323564\">Cliquez ici pour lire l&rsquo;article depuis sa source.<\/a><\/p>\n","protected":false},"excerpt":{"rendered":"<p>Les deux manifestants Hakim Aissi et Massil Djahara, interpell\u00e9s il y a deux mois, pour port de l\u2019embl\u00e8me amazigh, ont \u00e9t\u00e9 lib\u00e9r\u00e9s, ce lundi, a annonc\u00e9 le comit\u00e9 national pour la lib\u00e9ration des d\u00e9tenus. Alors que le procureur de la R\u00e9publique avait requis deux ans de prison ferme \u00e0 l\u2019encontre de Hakim Aissi, pour port [&hellip;]<\/p>\n","protected":false},"author":1742,"featured_media":0,"comment_status":"closed","ping_status":"closed","sticky":false,"template":"","format":"standard","meta":{"fifu_image_url":"","fifu_image_alt":"","footnotes":""},"categories":[73,53],"tags":[],"class_list":["post-60583","post","type-post","status-publish","format-standard","hentry","category-actualite","category-algerie"],"_links":{"self":[{"href":"https:\/\/linitiative.ca\/International\/wp-json\/wp\/v2\/posts\/60583","targetHints":{"allow":["GET"]}}],"collection":[{"href":"https:\/\/linitiative.ca\/International\/wp-json\/wp\/v2\/posts"}],"about":[{"href":"https:\/\/linitiative.ca\/International\/wp-json\/wp\/v2\/types\/post"}],"author":[{"embeddable":true,"href":"https:\/\/linitiative.ca\/International\/wp-json\/wp\/v2\/users\/1742"}],"replies":[{"embeddable":true,"href":"https:\/\/linitiative.ca\/International\/wp-json\/wp\/v2\/comments?post=60583"}],"version-history":[{"count":0,"href":"https:\/\/linitiative.ca\/International\/wp-json\/wp\/v2\/posts\/60583\/revisions"}],"wp:attachment":[{"href":"https:\/\/linitiative.ca\/International\/wp-json\/wp\/v2\/media?parent=60583"}],"wp:term":[{"taxonomy":"category","embeddable":true,"href":"https:\/\/linitiative.ca\/International\/wp-json\/wp\/v2\/categories?post=60583"},{"taxonomy":"post_tag","embeddable":true,"href":"https:\/\/linitiative.ca\/International\/wp-json\/wp\/v2\/tags?post=60583"}],"curies":[{"name":"wp","href":"https:\/\/api.w.org\/{rel}","templated":true}]}}