{"id":60588,"date":"2019-09-09T14:19:54","date_gmt":"2019-09-09T18:19:54","guid":{"rendered":"https:\/\/linitiative.ca\/International\/une-deuxieme-mi-temps-de-haut-niveau-face-au-mali-beaumelle\/"},"modified":"2019-09-09T14:19:54","modified_gmt":"2019-09-09T18:19:54","slug":"une-deuxieme-mi-temps-de-haut-niveau-face-au-mali-beaumelle","status":"publish","type":"post","link":"https:\/\/linitiative.ca\/International\/une-deuxieme-mi-temps-de-haut-niveau-face-au-mali-beaumelle\/","title":{"rendered":"Une deuxi\u00e8me mi-temps de haut niveau face au Mali (Beaumelle)"},"content":{"rendered":"<div readability=\"38\">\n<p>Marrakech- La s\u00e9lection marocaine U23 a livr\u00e9 une deuxi\u00e8me mi-temps de haut niveau face \u00e0 son homologue malienne, a affirm\u00e9 samedi soir, \u00e0 Marrakech, l\u2019entraineur de l\u2019\u00e9quipe, Patrice Beaumelle.<\/p>\n<\/div>\n<div readability=\"86\">\n<p>\u00ab\u00a0Je suis s\u00fbr que si la s\u00e9lection nationale U23 parvienne \u00e0 d\u00e9velopper \u00e0 Bamako le m\u00eame jeu de la deuxi\u00e8me mi-temps, nous aurons de fortes chances d\u2019arracher la qualification\u00a0\u00bb, a-t-il relev\u00e9 lors d\u2019un point de presse \u00e0 l\u2019issue du match aller face au Mali comptant pour les \u00e9liminatoires de la CAN U23\/troisi\u00e8me et dernier Tour.<\/p>\n<p>Ce match face \u00e0 la s\u00e9lection malienne a \u00e9t\u00e9 \u00e2pre et tr\u00e8s physique, avec beaucoup de duels et une grande bataille au niveau du milieu de terrain d\u2019autant plus que l\u2019adversaire du jour est une \u00e9quipe qui a acquis une certaine maturit\u00e9 avec des joueurs homog\u00e8nes, qui jouent ensemble voil\u00e0 plus de 04 ans, a-t-il expliqu\u00e9.<\/p>\n<p>Le technicien fran\u00e7ais a, dans ce sens, fait remarquer que la s\u00e9lection marocaine est parvenue \u00e0 marquer lorsqu\u2019elle a pris le dessus en milieu de terrain en deuxi\u00e8me mi-temps, relevant que la s\u00e9lection nationale U23 a montr\u00e9 qu\u2019elle pouvait marquer et poser de s\u00e9rieux probl\u00e8mes \u00e0 cette coriace \u00e9quipe malienne.<\/p>\n<p>Et d\u2019indiquer que le staff technique fera l\u2019\u00e9tat des lieux avant la prochaine confrontation \u00e0 Bamako pour tirer les enseignements qui s\u2019imposent de ce match, estimant que le match retour sera aussi serr\u00e9 et disput\u00e9 que le match aller.<\/p>\n<p>M. Beaumelle a fait remarquer que le staff technique avait des contraintes au niveau du temps pour bien pr\u00e9parer la s\u00e9lection marocaine \u00e0 ces \u00e9ch\u00e9ances.<\/p>\n<p>Dans une d\u00e9claration \u00e0 la presse, les joueurs de s\u00e9lection marocaine ont \u00e9t\u00e9 unanimes \u00e0 souligner leur ambition d\u2019aller arracher la qualification \u00e0 Bamako \u00e0 condition de livrer un match courageux et lucide \u00e0 l\u2019instar de la deuxi\u00e8me mi-temps du match aller, reconnaissant toutefois que ce ne sera pas une t\u00e2che facile face \u00e0 une \u00e9quipe malienne compacte et homog\u00e8ne.<\/p>\n<p>La s\u00e9lection marocaine U23 a \u00e9t\u00e9 tenue en \u00e9chec samedi soir, au Grand Stade de\u00a0Marrakech, par son homologue malienne (1-1) dans le cadre des \u00e9liminatoires de la CAN U23\/troisi\u00e8me et dernier Tour aller.<\/p>\n<p>La s\u00e9lection malienne a \u00e9t\u00e9 la premi\u00e8re \u00e0 ouvrir le score par l\u2019interm\u00e9diaire du joueur Ibrahima Kone en premi\u00e8re mi-temps (31\u00e8 mn) \u00e0 la suite d\u2019une contre-attaque rapide.<\/p>\n<p>La s\u00e9lection marocaine parvint \u00e0 \u00e9galiser en deuxi\u00e8me mi-temps (47\u00e8 minute) par le biais de Youssef En-Nseyri magistralement servi par Mohamed El Mourabit.<\/p>\n<p>La s\u00e9lection nationale a nettement domin\u00e9 la deuxi\u00e8me mi-temps face \u00e0 une \u00e9quipe malienne performante et r\u00e9aliste en premi\u00e8re mi-temps.<\/p>\n<p>A rappeler que la manche retour se disputera mardi prochain, \u00e0 la capitale malienne Bamako.<\/p>\n<\/div>\n<p>Auteur: Mohammed KOURSI<br \/>\n<a href=\"http:\/\/www.mapmarrakech.ma\/fr\/une-deuxieme-mi-temps-de-haut-niveau-face-au-mali-beaumelle\/\">Cliquez ici pour lire l&rsquo;article depuis sa source.<\/a><\/p>\n","protected":false},"excerpt":{"rendered":"<p>Marrakech- La s\u00e9lection marocaine U23 a livr\u00e9 une deuxi\u00e8me mi-temps de haut niveau face \u00e0 son homologue malienne, a affirm\u00e9 samedi soir, \u00e0 Marrakech, l\u2019entraineur de l\u2019\u00e9quipe, Patrice Beaumelle. \u00ab\u00a0Je suis s\u00fbr que si la s\u00e9lection nationale U23 parvienne \u00e0 d\u00e9velopper \u00e0 Bamako le m\u00eame jeu de la deuxi\u00e8me mi-temps, nous aurons de fortes chances [&hellip;]<\/p>\n","protected":false},"author":1788,"featured_media":0,"comment_status":"closed","ping_status":"closed","sticky":false,"template":"","format":"standard","meta":{"fifu_image_url":"","fifu_image_alt":"","footnotes":""},"categories":[54,76],"tags":[],"class_list":["post-60588","post","type-post","status-publish","format-standard","hentry","category-maroc","category-regions"],"_links":{"self":[{"href":"https:\/\/linitiative.ca\/International\/wp-json\/wp\/v2\/posts\/60588","targetHints":{"allow":["GET"]}}],"collection":[{"href":"https:\/\/linitiative.ca\/International\/wp-json\/wp\/v2\/posts"}],"about":[{"href":"https:\/\/linitiative.ca\/International\/wp-json\/wp\/v2\/types\/post"}],"author":[{"embeddable":true,"href":"https:\/\/linitiative.ca\/International\/wp-json\/wp\/v2\/users\/1788"}],"replies":[{"embeddable":true,"href":"https:\/\/linitiative.ca\/International\/wp-json\/wp\/v2\/comments?post=60588"}],"version-history":[{"count":0,"href":"https:\/\/linitiative.ca\/International\/wp-json\/wp\/v2\/posts\/60588\/revisions"}],"wp:attachment":[{"href":"https:\/\/linitiative.ca\/International\/wp-json\/wp\/v2\/media?parent=60588"}],"wp:term":[{"taxonomy":"category","embeddable":true,"href":"https:\/\/linitiative.ca\/International\/wp-json\/wp\/v2\/categories?post=60588"},{"taxonomy":"post_tag","embeddable":true,"href":"https:\/\/linitiative.ca\/International\/wp-json\/wp\/v2\/tags?post=60588"}],"curies":[{"name":"wp","href":"https:\/\/api.w.org\/{rel}","templated":true}]}}