{"id":60589,"date":"2019-09-09T14:19:56","date_gmt":"2019-09-09T18:19:56","guid":{"rendered":"https:\/\/linitiative.ca\/International\/entretien-avec-le-pdt-de-lunion-arabe-des-grands-coiffeurs\/"},"modified":"2019-09-09T14:19:56","modified_gmt":"2019-09-09T18:19:56","slug":"entretien-avec-le-pdt-de-lunion-arabe-des-grands-coiffeurs","status":"publish","type":"post","link":"https:\/\/linitiative.ca\/International\/entretien-avec-le-pdt-de-lunion-arabe-des-grands-coiffeurs\/","title":{"rendered":"Entretien avec le Pdt de l\u2019Union Arabe des grands coiffeurs"},"content":{"rendered":"<p><iframe loading=\"lazy\" width=\"1170\" height=\"658\" src=\"https:\/\/www.youtube.com\/embed\/2qtZ45ufdGE?feature=oembed\" frameborder=\"0\" allow=\"accelerometer; autoplay; encrypted-media; gyroscope; picture-in-picture\" allowfullscreen=\"\">[embedded content]<\/iframe><\/p>\n<div class=\"post-header-inner\">\n<div class=\"post-header-title\">\n<p>\n\t\t\t\t<span class=\"time\"><time class=\"post-published updated\" datetime=\"2019-09-08T14:35:39+00:00\"><b><b> 8 septembre 2019  <\/b> <\/b><\/time><\/span>\n\t\t\t<\/p>\n<\/p><\/div>\n<\/p><\/div>\n<div class=\"single-post-excerpt post-excerpt-bc\" readability=\"37\">\n<p>Le pr\u00e9sident de l\u2019Union Arabe des grands coiffeurs,\u00a0l\u2019expert libanais, Majid Askar, explique les raisons derri\u00e8re le choix du Maroc pour accueillir le Salon de coiffure et de beaut\u00e9 (6-8 septembre \u00e0 Marrakech).<\/p>\n<\/div>\n<p>Auteur: Mohammed KOURSI<br \/>\n<a href=\"http:\/\/www.mapmarrakech.ma\/fr\/le-pdt-de-lunion-arabe-des-grands-coiffeurs-explique-les-raisons-derriere-le-choix-du-maroc-pour-accueillir-le-salon-de-coiffure-et-de-beaute\/\">Cliquez ici pour lire l&rsquo;article depuis sa source.<\/a><\/p>\n","protected":false},"excerpt":{"rendered":"<p>[embedded content] 8 septembre 2019 Le pr\u00e9sident de l\u2019Union Arabe des grands coiffeurs,\u00a0l\u2019expert libanais, Majid Askar, explique les raisons derri\u00e8re le choix du Maroc pour accueillir le Salon de coiffure et de beaut\u00e9 (6-8 septembre \u00e0 Marrakech). Auteur: Mohammed KOURSI Cliquez ici pour lire l&rsquo;article depuis sa source.<\/p>\n","protected":false},"author":1788,"featured_media":0,"comment_status":"closed","ping_status":"closed","sticky":false,"template":"","format":"standard","meta":{"fifu_image_url":"","fifu_image_alt":"","footnotes":""},"categories":[54,76],"tags":[],"class_list":["post-60589","post","type-post","status-publish","format-standard","hentry","category-maroc","category-regions"],"_links":{"self":[{"href":"https:\/\/linitiative.ca\/International\/wp-json\/wp\/v2\/posts\/60589","targetHints":{"allow":["GET"]}}],"collection":[{"href":"https:\/\/linitiative.ca\/International\/wp-json\/wp\/v2\/posts"}],"about":[{"href":"https:\/\/linitiative.ca\/International\/wp-json\/wp\/v2\/types\/post"}],"author":[{"embeddable":true,"href":"https:\/\/linitiative.ca\/International\/wp-json\/wp\/v2\/users\/1788"}],"replies":[{"embeddable":true,"href":"https:\/\/linitiative.ca\/International\/wp-json\/wp\/v2\/comments?post=60589"}],"version-history":[{"count":0,"href":"https:\/\/linitiative.ca\/International\/wp-json\/wp\/v2\/posts\/60589\/revisions"}],"wp:attachment":[{"href":"https:\/\/linitiative.ca\/International\/wp-json\/wp\/v2\/media?parent=60589"}],"wp:term":[{"taxonomy":"category","embeddable":true,"href":"https:\/\/linitiative.ca\/International\/wp-json\/wp\/v2\/categories?post=60589"},{"taxonomy":"post_tag","embeddable":true,"href":"https:\/\/linitiative.ca\/International\/wp-json\/wp\/v2\/tags?post=60589"}],"curies":[{"name":"wp","href":"https:\/\/api.w.org\/{rel}","templated":true}]}}