{"id":60590,"date":"2019-09-09T14:19:58","date_gmt":"2019-09-09T18:19:58","guid":{"rendered":"https:\/\/linitiative.ca\/International\/rentree-scolaire-visites-a-plusieurs-etablissements-scolaires\/"},"modified":"2019-09-09T14:19:58","modified_gmt":"2019-09-09T18:19:58","slug":"rentree-scolaire-visites-a-plusieurs-etablissements-scolaires","status":"publish","type":"post","link":"https:\/\/linitiative.ca\/International\/rentree-scolaire-visites-a-plusieurs-etablissements-scolaires\/","title":{"rendered":"Rentr\u00e9e scolaire : Visites \u00e0 plusieurs \u00e9tablissements scolaires"},"content":{"rendered":"<div class=\"single-featured\"><img alt=\"\" data-src=\"http:\/\/www.mapmarrakech.ma\/map\/uploads\/2019\/09\/visites-wali-rentr\u00e9e.jpg\"\/><\/div>\n<div class=\"single-post-excerpt post-excerpt-bc\" readability=\"39\">\n<p>Marrakech- Le wali de la r\u00e9gion de Marrakech-Safi, gouverneur de la pr\u00e9fecture de Marrakech, Karim Kassi-Lahlou a effectu\u00e9 r\u00e9cemment des visites \u00e0 plusieurs \u00e9tablissements scolaires de diff\u00e9rents cycles (primaire, coll\u00e9gial et secondaire-qualifiant) en milieux urbain et rural pour s\u2019enqu\u00e9rir du bon d\u00e9roulement de l\u2019actuelle rentr\u00e9e scolaire et ce, dans le cadre de l\u2019accompagnement et du suivi de cette op\u00e9ration et des actions programm\u00e9es \u00e0 cet effet.<\/p>\n<\/div>\n<div class=\"entry-content clearfix single-post-content\" readability=\"44\">\n<p>Dans ce sens, M. Kassi-Lahlou, accompagn\u00e9 notamment du directeur de l\u2019Acad\u00e9mie r\u00e9gionale de l\u2019\u00e9ducation et de la formation (AREF) de Marrakech-Safi, s\u2019est rendu au coll\u00e8ge Azli (arrondissement de Menara), et \u00e0 l\u2019\u00e9cole Gharnata \u00e0\u00a0Gu\u00e9liz.<\/p>\n<p>Lors de ces visites, le wali et la d\u00e9l\u00e9gation l\u2019accompagnant ont pris connaissance des diff\u00e9rentes infrastructures et des ressources humaines, ainsi que des conditions du d\u00e9roulement de la rentr\u00e9e scolaire dans ces \u00e9tablissements.<\/p>\n<\/div>\n<p>Auteur: Mohammed KOURSI<br \/>\n<a href=\"http:\/\/www.mapmarrakech.ma\/fr\/rentree-scolaire-visites-a-plusieurs-etablissements-scolaires\/\">Cliquez ici pour lire l&rsquo;article depuis sa source.<\/a><\/p>\n","protected":false},"excerpt":{"rendered":"<p>Marrakech- Le wali de la r\u00e9gion de Marrakech-Safi, gouverneur de la pr\u00e9fecture de Marrakech, Karim Kassi-Lahlou a effectu\u00e9 r\u00e9cemment des visites \u00e0 plusieurs \u00e9tablissements scolaires de diff\u00e9rents cycles (primaire, coll\u00e9gial et secondaire-qualifiant) en milieux urbain et rural pour s\u2019enqu\u00e9rir du bon d\u00e9roulement de l\u2019actuelle rentr\u00e9e scolaire et ce, dans le cadre de l\u2019accompagnement et du [&hellip;]<\/p>\n","protected":false},"author":1788,"featured_media":60591,"comment_status":"closed","ping_status":"closed","sticky":false,"template":"","format":"standard","meta":{"fifu_image_url":"","fifu_image_alt":"","footnotes":""},"categories":[54,76],"tags":[],"class_list":["post-60590","post","type-post","status-publish","format-standard","has-post-thumbnail","hentry","category-maroc","category-regions"],"_links":{"self":[{"href":"https:\/\/linitiative.ca\/International\/wp-json\/wp\/v2\/posts\/60590","targetHints":{"allow":["GET"]}}],"collection":[{"href":"https:\/\/linitiative.ca\/International\/wp-json\/wp\/v2\/posts"}],"about":[{"href":"https:\/\/linitiative.ca\/International\/wp-json\/wp\/v2\/types\/post"}],"author":[{"embeddable":true,"href":"https:\/\/linitiative.ca\/International\/wp-json\/wp\/v2\/users\/1788"}],"replies":[{"embeddable":true,"href":"https:\/\/linitiative.ca\/International\/wp-json\/wp\/v2\/comments?post=60590"}],"version-history":[{"count":0,"href":"https:\/\/linitiative.ca\/International\/wp-json\/wp\/v2\/posts\/60590\/revisions"}],"wp:featuredmedia":[{"embeddable":true,"href":"https:\/\/linitiative.ca\/International\/wp-json\/"}],"wp:attachment":[{"href":"https:\/\/linitiative.ca\/International\/wp-json\/wp\/v2\/media?parent=60590"}],"wp:term":[{"taxonomy":"category","embeddable":true,"href":"https:\/\/linitiative.ca\/International\/wp-json\/wp\/v2\/categories?post=60590"},{"taxonomy":"post_tag","embeddable":true,"href":"https:\/\/linitiative.ca\/International\/wp-json\/wp\/v2\/tags?post=60590"}],"curies":[{"name":"wp","href":"https:\/\/api.w.org\/{rel}","templated":true}]}}