{"id":60630,"date":"2019-09-09T13:29:50","date_gmt":"2019-09-09T17:29:50","guid":{"rendered":"https:\/\/linitiative.ca\/International\/les-forces-de-lalternative-democratique-appellent-les-algeriens-a-creer-des-comites-de-base\/"},"modified":"2019-09-09T13:29:50","modified_gmt":"2019-09-09T17:29:50","slug":"les-forces-de-lalternative-democratique-appellent-les-algeriens-a-creer-des-comites-de-base","status":"publish","type":"post","link":"https:\/\/linitiative.ca\/International\/les-forces-de-lalternative-democratique-appellent-les-algeriens-a-creer-des-comites-de-base\/","title":{"rendered":"Les forces de l\u2019alternative d\u00e9mocratique appellent les Alg\u00e9riens \u00e0 \u00ab cr\u00e9er des comit\u00e9s de base \u00bb"},"content":{"rendered":"<h4 class=\"title-14\"\/>\n<div class=\"featured_image\"><img width=\"1317\" height=\"641\" data-cfsrc=\"https:\/\/www.elwatan.com\/wp-content\/uploads\/2019\/09\/alternative-d\u00e9mocratique.jpg\" class=\"attachment-post-thumbnail size-post-thumbnail wp-post-image c2\" alt=\"\" srcset=\"https:\/\/www.elwatan.com\/wp-content\/uploads\/2019\/09\/alternative-d\u00e9mocratique.jpg 1317w, https:\/\/www.elwatan.com\/wp-content\/uploads\/2019\/09\/alternative-d\u00e9mocratique-300x146.jpg 300w, https:\/\/www.elwatan.com\/wp-content\/uploads\/2019\/09\/alternative-d\u00e9mocratique-768x374.jpg 768w, https:\/\/www.elwatan.com\/wp-content\/uploads\/2019\/09\/alternative-d\u00e9mocratique-1024x498.jpg 1024w\" sizes=\"(max-width: 1317px) 100vw, 1317px\"\/><noscript><\/p>\n<p><img loading=\"lazy\" decoding=\"async\" width=\"1317\" height=\"641\" src=\"https:\/\/www.elwatan.com\/wp-content\/uploads\/2019\/09\/alternative-d%C3%A9mocratique.jpg\" class=\"attachment-post-thumbnail size-post-thumbnail wp-post-image\" alt=\"\" srcset=\"https:\/\/www.elwatan.com\/wp-content\/uploads\/2019\/09\/alternative-d\u00e9mocratique.jpg 1317w, https:\/\/www.elwatan.com\/wp-content\/uploads\/2019\/09\/alternative-d\u00e9mocratique-300x146.jpg 300w, https:\/\/www.elwatan.com\/wp-content\/uploads\/2019\/09\/alternative-d\u00e9mocratique-768x374.jpg 768w, https:\/\/www.elwatan.com\/wp-content\/uploads\/2019\/09\/alternative-d\u00e9mocratique-1024x498.jpg 1024w\" sizes=\"auto, (max-width: 1317px) 100vw, 1317px\"\/><\/p>\n<p><\/noscript> <span class=\"featured-image-caption\">Les Forces de l\u2019alternative d\u00e9mocratique. Photo : RCD<\/span><\/div>\n<p>Les Forces de l\u2019alternative \u00a0d\u00e9mocratique se sont r\u00e9unies, aujourd\u2019hui lundi \u00a0au si\u00e8ge du RCD \u00e0 Alger, apr\u00e8s l\u2019interdiction de leur rencontre pr\u00e9vue initialement \u00e0 la Safex.<\/p>\n<p>Dans un communiqu\u00e9 rendu public \u00e0 l\u2019issue de la rencontre, les participants, dont les partis politiques FFS, PT, RCD, MDS, UCP et PST \u00a0en plus de l\u2019organisation de d\u00e9fense des droits de l\u2019Homme la Laddh, ont appel\u00e9 \u00ab\u00a0les Alg\u00e9riennes et les Alg\u00e9riens \u00e0 adh\u00e9rer \u00e0 un processus fondateur souverain \u00e0 travers la cr\u00e9ation de comit\u00e9s de base \u00e0 l\u2019\u00e9chelle nationale\u00a0\u00bb.<\/p>\n<p>Lesquels comit\u00e9s devraient, selon le communiqu\u00e9 commun, \u00ab\u00a0donner au peuple la possibilit\u00e9 de choisir la forme et le contenu des institutions qui seront en mesure de satisfaire ses revendications et ses aspirations dans tous les domaines\u00a0\u00bb.<\/p>\n<p><a href=\"https:\/\/www.elwatan.com\/edition\/actualite\/les-forces-de-lalternative-democratiques-appellent-a-une-convention-du-pacte-politique-video-21-07-2019\">Les forces de l\u2019alternative d\u00e9mocratique<\/a> ont not\u00e9 que \u00ab\u00a0les all\u00e9gations \u00a0du pouvoir portant mise en place\u00a0 des fondements du dialogue \u00a0national en vue d\u2019organiser ses \u00e9lections pr\u00e9sidentielles ont \u00e9t\u00e9 d\u00e9menties par ses pratiques (\u2026) des <a href=\"https:\/\/www.elwatan.com\/edition\/actualite\/hrw-lalgerie-devrait-liberer-toute-personne-arretee-parce-quelle-brandissait-un-drapeau-09-09-2019\">dizaines d\u2019Alg\u00e9riens sont d\u00e9tenus<\/a> sur la base de leurs opinions et positions politiques, la libert\u00e9 de circulation n\u2019est pas respect\u00e9e et les m\u00e9dias publics et priv\u00e9s sont soumis \u2026\u00a0\u00bb.<\/p>\n<p><span class=\"post-views-label\">Post Views:<\/span> <span class=\"post-views-count\">1\u00a0842<\/span><\/p>\n<p><br class=\"c4\"\/><\/p>\n<p>Auteur: Farouk Djouadi<br \/>\n<a href=\"https:\/\/www.elwatan.com\/edition\/actualite\/les-forces-de-lalternative-democratique-appellent-les-algeriens-a-creer-des-comites-de-base-09-09-2019\">Cliquez ici pour lire l&rsquo;article depuis sa source.<\/a><\/p>\n","protected":false},"excerpt":{"rendered":"<p>Les Forces de l\u2019alternative d\u00e9mocratique. Photo : RCD Les Forces de l\u2019alternative \u00a0d\u00e9mocratique se sont r\u00e9unies, aujourd\u2019hui lundi \u00a0au si\u00e8ge du RCD \u00e0 Alger, apr\u00e8s l\u2019interdiction de leur rencontre pr\u00e9vue initialement \u00e0 la Safex. Dans un communiqu\u00e9 rendu public \u00e0 l\u2019issue de la rencontre, les participants, dont les partis politiques FFS, PT, RCD, MDS, UCP [&hellip;]<\/p>\n","protected":false},"author":1743,"featured_media":60631,"comment_status":"closed","ping_status":"closed","sticky":false,"template":"","format":"standard","meta":{"fifu_image_url":"","fifu_image_alt":"","footnotes":""},"categories":[73,53],"tags":[],"class_list":["post-60630","post","type-post","status-publish","format-standard","has-post-thumbnail","hentry","category-actualite","category-algerie"],"_links":{"self":[{"href":"https:\/\/linitiative.ca\/International\/wp-json\/wp\/v2\/posts\/60630","targetHints":{"allow":["GET"]}}],"collection":[{"href":"https:\/\/linitiative.ca\/International\/wp-json\/wp\/v2\/posts"}],"about":[{"href":"https:\/\/linitiative.ca\/International\/wp-json\/wp\/v2\/types\/post"}],"author":[{"embeddable":true,"href":"https:\/\/linitiative.ca\/International\/wp-json\/wp\/v2\/users\/1743"}],"replies":[{"embeddable":true,"href":"https:\/\/linitiative.ca\/International\/wp-json\/wp\/v2\/comments?post=60630"}],"version-history":[{"count":0,"href":"https:\/\/linitiative.ca\/International\/wp-json\/wp\/v2\/posts\/60630\/revisions"}],"wp:featuredmedia":[{"embeddable":true,"href":"https:\/\/linitiative.ca\/International\/wp-json\/"}],"wp:attachment":[{"href":"https:\/\/linitiative.ca\/International\/wp-json\/wp\/v2\/media?parent=60630"}],"wp:term":[{"taxonomy":"category","embeddable":true,"href":"https:\/\/linitiative.ca\/International\/wp-json\/wp\/v2\/categories?post=60630"},{"taxonomy":"post_tag","embeddable":true,"href":"https:\/\/linitiative.ca\/International\/wp-json\/wp\/v2\/tags?post=60630"}],"curies":[{"name":"wp","href":"https:\/\/api.w.org\/{rel}","templated":true}]}}