{"id":60636,"date":"2019-09-09T13:04:00","date_gmt":"2019-09-09T17:04:00","guid":{"rendered":"https:\/\/linitiative.ca\/International\/lisie-donne-son-feu-vert-a-la-diffusion-dune-interview-de-nabil-karoui\/"},"modified":"2019-09-09T13:04:00","modified_gmt":"2019-09-09T17:04:00","slug":"lisie-donne-son-feu-vert-a-la-diffusion-dune-interview-de-nabil-karoui","status":"publish","type":"post","link":"https:\/\/linitiative.ca\/International\/lisie-donne-son-feu-vert-a-la-diffusion-dune-interview-de-nabil-karoui\/","title":{"rendered":"L&rsquo;ISIE donne son feu vert \u00e0 la diffusion d&rsquo;une interview de Nabil Karoui"},"content":{"rendered":"<p class=\"MsoNormal\">L\u2019ISIE \u00abne voit pad\u2019inconv\u00e9nient\u00bb \u00e0 autoriser la diffusion d\u2019une interview de Nabil Karoui<span class=\"c2\">\u00a0<\/span> sur la cha\u00eene d\u2019Elhiwar Ettounissi \u00e0 condition qu&rsquo;elle se fasse selon les dispositions l\u00e9gales en vigueur. Interrog\u00e9 par Assabahnews,<span class=\"c2\">\u00a0<\/span> Anis Jarboui,<span class=\"c2\">\u00a0<\/span> membre de l\u2019ISIE\u00a0 a d\u00e9clar\u00e9<span class=\"c2\">\u00a0<\/span> que la position de cette instance est \u00abclaire\u00bb : \u00abNous tenons \u00e0 ce que tous les candidats dont la candidature a \u00e9t\u00e9 valid\u00e9e b\u00e9n\u00e9ficient du m\u00eame traitement au nom du principe d\u2019\u00e9galit\u00e9 \u00bb.<span class=\"c2\"><br \/><\/span><\/p>\n<p class=\"MsoNormal\">S\u2019agissant du cas de Karoui, la d\u00e9cision finale revient \u00e0 l&rsquo;institution p\u00e9nitentiaire, l&rsquo;interview devant \u00eatre faite \u00e0 la prison d&rsquo;El Mornaguia o\u00f9 est il est d\u00e9tenu.<\/p>\n<p>Auteur:<br \/>\n<a href=\"https:\/\/www.leaders.com.tn\/article\/27914-l-isie-donne-son-feu-vert-a-la-diffusion-d-une-interview-de-nabil-karoui\">Cliquez ici pour lire l&rsquo;article depuis sa source.<\/a><\/p>\n","protected":false},"excerpt":{"rendered":"<p>L\u2019ISIE \u00abne voit pad\u2019inconv\u00e9nient\u00bb \u00e0 autoriser la diffusion d\u2019une interview de Nabil Karoui\u00a0 sur la cha\u00eene d\u2019Elhiwar Ettounissi \u00e0 condition qu&rsquo;elle se fasse selon les dispositions l\u00e9gales en vigueur. Interrog\u00e9 par Assabahnews,\u00a0 Anis Jarboui,\u00a0 membre de l\u2019ISIE\u00a0 a d\u00e9clar\u00e9\u00a0 que la position de cette instance est \u00abclaire\u00bb : \u00abNous tenons \u00e0 ce que tous les [&hellip;]<\/p>\n","protected":false},"author":1772,"featured_media":0,"comment_status":"closed","ping_status":"closed","sticky":false,"template":"","format":"standard","meta":{"fifu_image_url":"","fifu_image_alt":"","footnotes":""},"categories":[73,55],"tags":[],"class_list":["post-60636","post","type-post","status-publish","format-standard","hentry","category-actualite","category-tunisie"],"_links":{"self":[{"href":"https:\/\/linitiative.ca\/International\/wp-json\/wp\/v2\/posts\/60636","targetHints":{"allow":["GET"]}}],"collection":[{"href":"https:\/\/linitiative.ca\/International\/wp-json\/wp\/v2\/posts"}],"about":[{"href":"https:\/\/linitiative.ca\/International\/wp-json\/wp\/v2\/types\/post"}],"author":[{"embeddable":true,"href":"https:\/\/linitiative.ca\/International\/wp-json\/wp\/v2\/users\/1772"}],"replies":[{"embeddable":true,"href":"https:\/\/linitiative.ca\/International\/wp-json\/wp\/v2\/comments?post=60636"}],"version-history":[{"count":0,"href":"https:\/\/linitiative.ca\/International\/wp-json\/wp\/v2\/posts\/60636\/revisions"}],"wp:attachment":[{"href":"https:\/\/linitiative.ca\/International\/wp-json\/wp\/v2\/media?parent=60636"}],"wp:term":[{"taxonomy":"category","embeddable":true,"href":"https:\/\/linitiative.ca\/International\/wp-json\/wp\/v2\/categories?post=60636"},{"taxonomy":"post_tag","embeddable":true,"href":"https:\/\/linitiative.ca\/International\/wp-json\/wp\/v2\/tags?post=60636"}],"curies":[{"name":"wp","href":"https:\/\/api.w.org\/{rel}","templated":true}]}}