{"id":60642,"date":"2019-09-09T06:00:00","date_gmt":"2019-09-09T10:00:00","guid":{"rendered":"https:\/\/linitiative.ca\/International\/petits-changements-gros-impact\/"},"modified":"2019-09-09T06:00:00","modified_gmt":"2019-09-09T10:00:00","slug":"petits-changements-gros-impact","status":"publish","type":"post","link":"https:\/\/linitiative.ca\/International\/petits-changements-gros-impact\/","title":{"rendered":"Petits changements, gros impact"},"content":{"rendered":"<p>C\u2019est beaucoup plus simple que vous ne l\u2019imaginez. Quelques d\u00e9tails vont vous rendre encore plus resplendissante.<\/p>\n<p><strong>Chevelure\u00a0<\/strong><br \/>Oubliez vos petites vagues et passez \u00e0 un lissage impeccable pour mettre en valeur votre visage.\u00a0<br \/>Tendance de la rentr\u00e9e, la frange convient \u00e0 tous les visages, elle se porte l\u00e9g\u00e8rement sous les sourcils et apporte un c\u00f4t\u00e9 moderne et myst\u00e9rieux.<\/p>\n<p><strong>Id\u00e9e coup d\u2019\u00e9clat\u00a0<\/strong><br \/>Augmenter d\u2019un ton votre couleur naturelle pour lui donner plus de brillance et de reflets.<\/p>\n<p><strong>Teint\u00a0<\/strong><br \/>R\u00e9haussez votre teint. Eh oui, c\u2019est le moment ou jamais d\u2019utiliser un fond de teint plus fonc\u00e9 que le reste de l\u2019ann\u00e9e.\u00a0<br \/>Vous pouvez aussi modeler avec de la poudre dans les maronn\u00e9es les pommettes et l\u00e9g\u00e8rement sur les tempes, une petite pointe sur le menton.<br \/>Make up\u00a0<br \/>Et pourquoi pas oser un peu avec les nombreuses teintes de rouge \u00e0 l\u00e8vres que vous poss\u00e9dez d\u00e9j\u00e0. il faut se renouveller et cr\u00e9er la surprise.\u00a0<br \/>Vous verrez, c\u2019est excellent pour se sentir belle.<\/p>\n<p>Auteur:<br \/>\n<a href=\"https:\/\/www.lesoirdalgerie.com\/femme-magazine\/petits-changements-gros-impact-29897\">Cliquez ici pour lire l&rsquo;article depuis sa source.<\/a><\/p>\n","protected":false},"excerpt":{"rendered":"<p>C\u2019est beaucoup plus simple que vous ne l\u2019imaginez. Quelques d\u00e9tails vont vous rendre encore plus resplendissante. Chevelure\u00a0Oubliez vos petites vagues et passez \u00e0 un lissage impeccable pour mettre en valeur votre visage.\u00a0Tendance de la rentr\u00e9e, la frange convient \u00e0 tous les visages, elle se porte l\u00e9g\u00e8rement sous les sourcils et apporte un c\u00f4t\u00e9 moderne et [&hellip;]<\/p>\n","protected":false},"author":1741,"featured_media":0,"comment_status":"closed","ping_status":"closed","sticky":false,"template":"","format":"standard","meta":{"fifu_image_url":"","fifu_image_alt":"","footnotes":""},"categories":[73,53],"tags":[],"class_list":["post-60642","post","type-post","status-publish","format-standard","hentry","category-actualite","category-algerie"],"_links":{"self":[{"href":"https:\/\/linitiative.ca\/International\/wp-json\/wp\/v2\/posts\/60642","targetHints":{"allow":["GET"]}}],"collection":[{"href":"https:\/\/linitiative.ca\/International\/wp-json\/wp\/v2\/posts"}],"about":[{"href":"https:\/\/linitiative.ca\/International\/wp-json\/wp\/v2\/types\/post"}],"author":[{"embeddable":true,"href":"https:\/\/linitiative.ca\/International\/wp-json\/wp\/v2\/users\/1741"}],"replies":[{"embeddable":true,"href":"https:\/\/linitiative.ca\/International\/wp-json\/wp\/v2\/comments?post=60642"}],"version-history":[{"count":0,"href":"https:\/\/linitiative.ca\/International\/wp-json\/wp\/v2\/posts\/60642\/revisions"}],"wp:attachment":[{"href":"https:\/\/linitiative.ca\/International\/wp-json\/wp\/v2\/media?parent=60642"}],"wp:term":[{"taxonomy":"category","embeddable":true,"href":"https:\/\/linitiative.ca\/International\/wp-json\/wp\/v2\/categories?post=60642"},{"taxonomy":"post_tag","embeddable":true,"href":"https:\/\/linitiative.ca\/International\/wp-json\/wp\/v2\/tags?post=60642"}],"curies":[{"name":"wp","href":"https:\/\/api.w.org\/{rel}","templated":true}]}}