{"id":60646,"date":"2019-09-09T12:06:40","date_gmt":"2019-09-09T16:06:40","guid":{"rendered":"https:\/\/linitiative.ca\/International\/reseau-commercial-avis-locafinance-tisse-sa-toile\/"},"modified":"2019-09-09T12:06:40","modified_gmt":"2019-09-09T16:06:40","slug":"reseau-commercial-avis-locafinance-tisse-sa-toile","status":"publish","type":"post","link":"https:\/\/linitiative.ca\/International\/reseau-commercial-avis-locafinance-tisse-sa-toile\/","title":{"rendered":"R\u00e9seau commercial : Avis Locafinance tisse sa toile"},"content":{"rendered":"<p><strong>Avis Locafinance poursuit l\u2019extension de son r\u00e9seau.<\/strong><strong>\u00a0Le sp\u00e9cialiste de la location de v\u00e9hicules de courte, moyenne et de longue dur\u00e9e vient tout juste d\u2019inaugurer<\/strong> <strong>une agence flambant neuve au pied de la tour Atlas dans le centre-ville de Casablanca.<\/strong><\/p>\n<div class=\"c10\"\/>\n<p>Une nouvelle implantation qui, selon l\u2019op\u00e9rateur, s\u2019inscrit dans la droite ligne de sa strat\u00e9gie de d\u00e9veloppement et de modernisation s\u2019agissant de son r\u00e9seau commercial et qui vient compl\u00e9ter une offre compos\u00e9e d\u2019une vingtaine d\u2019agences r\u00e9parties dans diff\u00e9rentes villes du Royaume. Sa localisation n\u2019a pas \u00e9t\u00e9 choisie par hasard selon le staff d\u2019Avis Locafinance, en effet, elle se trouve \u00e0 proximit\u00e9 d\u2019op\u00e9rateurs h\u00f4teliers, non loin des quartiers d\u2019affaires. De quoi s\u00e9duire une client\u00e8le, certes touristique, mais \u00e9galement compos\u00e9e d\u2019hommes d\u2019affaires, voire d\u2019entreprises en qu\u00eate de solutions de location de longue dur\u00e9e.<\/p>\n<p>Au-del\u00e0 de l\u2019extension de son r\u00e9seau, le sp\u00e9cialiste de la location de voitures souligne avoir engag\u00e9 un processus de r\u00e9novation et de modernisation de ses agences, notamment sur le plan de la digitalisation et des nouvelles mobilit\u00e9s. Plusieurs plateformes ont ainsi b\u00e9n\u00e9fici\u00e9 de la mise en conformit\u00e9 aux derniers standards d\u2019Avis international.<\/p>\n<p>Ainsi, au sein de Tanger Free Zone, l\u2019agence dot\u00e9e de la deuxi\u00e8me plateforme technique nationale vient d\u2019achever sa r\u00e9novation. En plus de celle situ\u00e9e au sein de l\u2019a\u00e9roport de la ville du D\u00e9troit, l\u2019op\u00e9rateur entend s\u2019appuyer sur cette succursale pour r\u00e9pondre \u00e0 l\u2019ensemble des besoins de location automobile de cette importante zone d\u2019activit\u00e9 industrielle.<\/p>\n<p>Par ailleurs, le groupe nourrit de s\u00e9rieuses ambitions dans la zone franche de K\u00e9nitra pour y avoir implant\u00e9 une agence fin 2018. Une pr\u00e9sence justifi\u00e9e par le d\u00e9veloppement continu de cette zone, notamment autour du secteur automobile avec la pr\u00e9sence de PSA et de diff\u00e9rents sous-traitants. \u00a0<\/p>\n<p>A noter qu\u2019\u00e0 Marrakech, la transformation de l\u2019am\u00e9nagement de l\u2019agence du boulevard Mohammed V et de son syst\u00e8me de gestion client a \u00e9t\u00e9 finalis\u00e9e, selon l\u2019op\u00e9rateur, au d\u00e9but de l\u2019\u00e9t\u00e9. Idem pour l\u2019agence de Rabat.<\/p>\n<p>Enfin, toujours dans sa volont\u00e9 de mieux servir ses clients, Avis Locafinance pr\u00e9cise avoir ouvert deux agences sous-douane au sein de l\u2019a\u00e9roport Mohammed V de Casablanca et dans celui de Marrakech. Faut-il pr\u00e9ciser que suite \u00e0 un appel d\u2019offres lanc\u00e9 par l\u2019Office National des A\u00e9roports, et remport\u00e9 \u00e0 la fin de l\u2019ann\u00e9e 2018, le groupe est devenu l\u2019unique soci\u00e9t\u00e9 de location de voiture \u00e0 disposer d\u2019une autorisation d\u2019exercice au sein de l\u2019a\u00e9roport de La\u00e2youne pour les trois prochaines ann\u00e9es.\u00a0 \u00a0<\/p>\n<div class=\"c17\">\n<fieldset class=\"c16\">\n<legend><strong><span class=\"c11\">Challenge<\/span><span class=\"c12\">news<\/span><\/strong><\/legend>\n<div class=\"c15\">Le meilleur de la r\u00e9daction s\u00e9lectionn\u00e9 par Challenge :<\/p>\n<\/div>\n<\/fieldset>\n<\/div>\n<p>Auteur: David J\u00e9r\u00e9mie<br \/>\n<a href=\"https:\/\/www.challenge.ma\/reseau-commercial-avis-locafinance-tisse-sa-toile-116925\/\">Cliquez ici pour lire l&rsquo;article depuis sa source.<\/a><\/p>\n","protected":false},"excerpt":{"rendered":"<p>Avis Locafinance poursuit l\u2019extension de son r\u00e9seau.\u00a0Le sp\u00e9cialiste de la location de v\u00e9hicules de courte, moyenne et de longue dur\u00e9e vient tout juste d\u2019inaugurer une agence flambant neuve au pied de la tour Atlas dans le centre-ville de Casablanca. Une nouvelle implantation qui, selon l\u2019op\u00e9rateur, s\u2019inscrit dans la droite ligne de sa strat\u00e9gie de d\u00e9veloppement [&hellip;]<\/p>\n","protected":false},"author":1787,"featured_media":0,"comment_status":"closed","ping_status":"closed","sticky":false,"template":"","format":"standard","meta":{"fifu_image_url":"","fifu_image_alt":"","footnotes":""},"categories":[78,54],"tags":[],"class_list":["post-60646","post","type-post","status-publish","format-standard","hentry","category-economie","category-maroc"],"_links":{"self":[{"href":"https:\/\/linitiative.ca\/International\/wp-json\/wp\/v2\/posts\/60646","targetHints":{"allow":["GET"]}}],"collection":[{"href":"https:\/\/linitiative.ca\/International\/wp-json\/wp\/v2\/posts"}],"about":[{"href":"https:\/\/linitiative.ca\/International\/wp-json\/wp\/v2\/types\/post"}],"author":[{"embeddable":true,"href":"https:\/\/linitiative.ca\/International\/wp-json\/wp\/v2\/users\/1787"}],"replies":[{"embeddable":true,"href":"https:\/\/linitiative.ca\/International\/wp-json\/wp\/v2\/comments?post=60646"}],"version-history":[{"count":0,"href":"https:\/\/linitiative.ca\/International\/wp-json\/wp\/v2\/posts\/60646\/revisions"}],"wp:attachment":[{"href":"https:\/\/linitiative.ca\/International\/wp-json\/wp\/v2\/media?parent=60646"}],"wp:term":[{"taxonomy":"category","embeddable":true,"href":"https:\/\/linitiative.ca\/International\/wp-json\/wp\/v2\/categories?post=60646"},{"taxonomy":"post_tag","embeddable":true,"href":"https:\/\/linitiative.ca\/International\/wp-json\/wp\/v2\/tags?post=60646"}],"curies":[{"name":"wp","href":"https:\/\/api.w.org\/{rel}","templated":true}]}}