{"id":60647,"date":"2019-09-09T12:40:33","date_gmt":"2019-09-09T16:40:33","guid":{"rendered":"https:\/\/linitiative.ca\/International\/agadir-les-nationaux-menent-le-bal\/"},"modified":"2019-09-09T12:40:33","modified_gmt":"2019-09-09T16:40:33","slug":"agadir-les-nationaux-menent-le-bal","status":"publish","type":"post","link":"https:\/\/linitiative.ca\/International\/agadir-les-nationaux-menent-le-bal\/","title":{"rendered":"Agadir : les nationaux m\u00e8nent le bal"},"content":{"rendered":"<p><strong>Les Marocains occupent la premi\u00e8re place du classement des touristes qui se sont rendus \u00e0 Agadir lors du mois de juillet.<\/strong><\/p>\n<div class=\"c10\"\/>\n<p>La perle du Sud continue \u00e0 attirer les nationaux. Les touristes marocains arriv\u00e9s \u00e0 Agadir durant le mois de <strong>juillet<\/strong> \u00e9taient au nombre de 62.583, occupant ainsi la premi\u00e8re place parmi les visiteurs de diff\u00e9rentes nationalit\u00e9s qui ont opt\u00e9 pour cette destination.<\/p>\n<p>Selon les donn\u00e9es du Conseil r\u00e9gional du tourisme d\u2019Agadir Souss-Massa, le nombre des <strong>touristes<\/strong> nationaux arriv\u00e9s dans les h\u00f4tels, clubs touristiques et r\u00e9sidences touristiques class\u00e9s d\u2019Agadir au cours du mois de juillet 2019 a connu une progression de 10,43% par rapport au nombre de 56.671 enregistr\u00e9 durant l\u2019ann\u00e9e 2018.<\/p>\n<p>Lire aussi : <a href=\"https:\/\/www.challenge.ma\/agadir-plus-dun-million-de-nuitees-sur-le-premier-trimestre-de-2019-109581\/\">Agadir\u00a0: Plus d\u2019un million de nuit\u00e9es sur le premier trimestre de 2019<\/a><\/p>\n<p>Les touristes fran\u00e7ais arrivent en deuxi\u00e8me position avec 18.124 arriv\u00e9es contre 14.536 durant juillet de l\u2019ann\u00e9e pr\u00e9c\u00e9dente, marquant une hausse de 24,68%, tandis que les touristes britanniques occupent la 3<sup>\u00e8me<\/sup> position avec 10.240 arriv\u00e9es contre 9.107, en progression de 12,44%.<\/p>\n<p>Pour leur part, les \u00e9tablissements touristiques class\u00e9s \u00e0 <strong>Agadir<\/strong> ont enregistr\u00e9 130.569 arriv\u00e9es de diff\u00e9rentes nationalit\u00e9s durant le mois de juillet, contre 127.240 au titre de la m\u00eame p\u00e9riode une ann\u00e9e auparavant, soit une hausse de 2,62 %, pr\u00e9cise le Conseil. Enfin, le taux d\u2019occupation moyen des h\u00f4tels, clubs touristiques et r\u00e9sidences touristiques class\u00e9s a atteint en juillet 65,27%, alors que la moyenne de s\u00e9jour pour chaque touriste est \u00e9valu\u00e9e \u00e0 4,77 nuit\u00e9es, contre 4,92 nuit\u00e9es en 2018.<\/p>\n<div class=\"c17\">\n<fieldset class=\"c16\">\n<legend><strong><span class=\"c11\">Challenge<\/span><span class=\"c12\">news<\/span><\/strong><\/legend>\n<div class=\"c15\">Le meilleur de la r\u00e9daction s\u00e9lectionn\u00e9 par Challenge :<\/p>\n<\/div>\n<\/fieldset>\n<\/div>\n<p>Auteur: Karim Handaoui<br \/>\n<a href=\"https:\/\/www.challenge.ma\/agadir-les-nationaux-menent-le-bal-116930\/\">Cliquez ici pour lire l&rsquo;article depuis sa source.<\/a><\/p>\n","protected":false},"excerpt":{"rendered":"<p>Les Marocains occupent la premi\u00e8re place du classement des touristes qui se sont rendus \u00e0 Agadir lors du mois de juillet. La perle du Sud continue \u00e0 attirer les nationaux. Les touristes marocains arriv\u00e9s \u00e0 Agadir durant le mois de juillet \u00e9taient au nombre de 62.583, occupant ainsi la premi\u00e8re place parmi les visiteurs de [&hellip;]<\/p>\n","protected":false},"author":1787,"featured_media":0,"comment_status":"closed","ping_status":"closed","sticky":false,"template":"","format":"standard","meta":{"fifu_image_url":"","fifu_image_alt":"","footnotes":""},"categories":[78,54],"tags":[],"class_list":["post-60647","post","type-post","status-publish","format-standard","hentry","category-economie","category-maroc"],"_links":{"self":[{"href":"https:\/\/linitiative.ca\/International\/wp-json\/wp\/v2\/posts\/60647","targetHints":{"allow":["GET"]}}],"collection":[{"href":"https:\/\/linitiative.ca\/International\/wp-json\/wp\/v2\/posts"}],"about":[{"href":"https:\/\/linitiative.ca\/International\/wp-json\/wp\/v2\/types\/post"}],"author":[{"embeddable":true,"href":"https:\/\/linitiative.ca\/International\/wp-json\/wp\/v2\/users\/1787"}],"replies":[{"embeddable":true,"href":"https:\/\/linitiative.ca\/International\/wp-json\/wp\/v2\/comments?post=60647"}],"version-history":[{"count":0,"href":"https:\/\/linitiative.ca\/International\/wp-json\/wp\/v2\/posts\/60647\/revisions"}],"wp:attachment":[{"href":"https:\/\/linitiative.ca\/International\/wp-json\/wp\/v2\/media?parent=60647"}],"wp:term":[{"taxonomy":"category","embeddable":true,"href":"https:\/\/linitiative.ca\/International\/wp-json\/wp\/v2\/categories?post=60647"},{"taxonomy":"post_tag","embeddable":true,"href":"https:\/\/linitiative.ca\/International\/wp-json\/wp\/v2\/tags?post=60647"}],"curies":[{"name":"wp","href":"https:\/\/api.w.org\/{rel}","templated":true}]}}