{"id":60658,"date":"2019-09-09T16:32:06","date_gmt":"2019-09-09T20:32:06","guid":{"rendered":"https:\/\/linitiative.ca\/International\/proces-dune-journaliste-marocaine-pour-avortement\/"},"modified":"2019-09-09T16:32:06","modified_gmt":"2019-09-09T20:32:06","slug":"proces-dune-journaliste-marocaine-pour-avortement","status":"publish","type":"post","link":"https:\/\/linitiative.ca\/International\/proces-dune-journaliste-marocaine-pour-avortement\/","title":{"rendered":"PROCES D\u2019UNE JOURNALISTE MAROCAINE POUR AVORTEMENT  \u00a0"},"content":{"rendered":"<div class=\"stream-item stream-item-above-post-content\">\n<p><noscript><\/p>\n<p><a href=\"\/\/www3.smartadserver.com\/ac?jump=1&#038;nwid=2136&#038;siteid=240610&#038;pgname=rg&#038;fmtid=49046&#038;visit=m&#038;tmstp=[timestamp]&#038;out=nonrich\" target=\"_blank\" rel=\"noopener noreferrer\"><img decoding=\"async\" src=\"\/\/www3.smartadserver.com\/ac?out=nonrich&#038;nwid=2136&#038;siteid=240610&#038;pgname=rg&#038;fmtid=49046&#038;visit=m&#038;tmstp=[timestamp]\" border=\"0\" alt=\"\"\/><\/a><\/p>\n<p><\/noscript><\/div>\n<p>Elle s\u2019appelle Hajar Raissouni et elle a 28 ans. Elle, c\u2019est cette jeune journaliste marocaine qui comparaissait, hier, 9 septembre 2019, au Maroc, devant un tribunal pour atteinte aux m\u0153urs. Quoi de plus normal quand on sait qu\u2019au Royaume ch\u00e9rifien, on ne badine pas avec les pratiques qui portent atteinte \u00e0 la morale, et que la journaliste n\u2019est pas au- dessus de la loi. Et le fait n\u2019aurait sans doute pas retenu l\u2019attention si derri\u00e8re le proc\u00e8s\u00a0 de Hajar Raissouni pour \u00ab<em>relations sexuelles hors mariage<\/em>\u00a0\u00bb et \u00ab\u00a0<em>avortement<\/em>\u00a0\u00bb, ne se cachait pas, pour les associations de d\u00e9fense des droits de l\u2019Homme et de nombreux membres de la corporation, une pers\u00e9cution politique li\u00e9e au m\u00e9tier de la pr\u00e9venue qui, soit dit en passant, travaille non seulement pour un c\u00e9l\u00e8bre quotidien critique au Maroc, mais aussi a des liens de famille avec un \u00e9ditorialiste aux \u00e9crits acrimonieux \u00e0 l\u2019encontre du pouvoir et un id\u00e9ologue ultraconservateur tout aussi acerbe dont elle est la ni\u00e8ce.<\/p>\n<p><strong>\u00a0<\/strong><\/p>\n<p><strong>Le proc\u00e8s en lui-m\u00eame porte d\u00e9j\u00e0 atteinte \u00e0 l\u2019image du Maroc<\/strong><\/p>\n<p><strong>\u00a0<\/strong><\/p>\n<p class=\"c3\"><em>De l\u00e0 \u00e0 voir derri\u00e8re l\u2019embastillement et les ennuis judiciaires de la jeune journaliste une volont\u00e9 de mus\u00e8lement de voix dissidentes, il y a un pas que les d\u00e9fenseurs de la jeune dame ont vite fait de franchir. Mais si ceci explique vraiment cela comme le pensent ces derniers, \u00a0c\u2019est que le roi se trompe d\u2019adversaire. Il se trompe d\u2019autant plus lourdement que si l\u2019objectif inavou\u00e9 de ce proc\u00e8s \u00e9tait de r\u00e9duire au silence des voix g\u00eanantes, cela aura produit l\u2019effet contraire en donnant \u00e0 l\u2019affaire une r\u00e9percussion qui n\u2019aurait jamais d\u00fb d\u00e9passer les fronti\u00e8res du royaume. Car, combien de femmes marocaines sont-elles jug\u00e9es pour des faits similaires dans le plus grand anonymat dans leur pays ? Bien malin qui saurait r\u00e9pondre \u00e0 cette question. Mais en voulant faire du cas Hajar Raissouni un exemple, le r\u00e9gime de Rabat qui tra\u00eene d\u00e9j\u00e0 la r\u00e9putation d\u2019\u00eatre allergique aux critiques, se paie \u00e0 moindre frais une mauvaise publicit\u00e9 dont il n\u2019avait pas besoin. Car, que l\u2019avocat de la jeune accus\u00e9e parvienne ou non \u00e0 prouver l\u2019absurdit\u00e9 et le caract\u00e8re mensonger de l\u2019accusation comme il \u00a0promet de le faire, le proc\u00e8s en lui-m\u00eame porte d\u00e9j\u00e0 atteinte \u00e0 l\u2019image du Maroc en donnant finalement le sentiment que les autorit\u00e9s veulent en profiter pour r\u00e9gler leurs comptes politiques avec la jeune journaliste et certains de ses proches, sur la base d\u2019arguments sp\u00e9cieux. Cela n\u2019est pas en leur honneur. D\u2019autant plus que le jeune monarque est appr\u00e9ci\u00e9 pour ses efforts de modernisation du royaume dans un souci de pr\u00e9servation des valeurs religieuses.\u00a0 Cela dit, dans une soci\u00e9t\u00e9 marocaine en pleine mutation, le d\u00e9bat sur la question de l\u2019avortement est certes un sujet sensible, mais il est de plus en plus difficile d\u2019en faire l\u2019\u00e9conomie. D\u00e9j\u00e0, en 2015, le ministre de la Sant\u00e9, Hussein El Ouardi, adoptait une position en porte-\u00e0-faux avec celle des conservateurs de son propre gouvernement, en se pronon\u00e7ant en faveur d\u2019une lib\u00e9ralisation totale de l\u2019avortement. En posant le d\u00e9bat sur le champ des libert\u00e9s individuelles en invoquant le droit des femmes \u00e0 disposer de leur corps, le ministre pr\u00f4nait implicitement une reconnaissance tacite des relations sexuelles hors mariage, principale cause des avortements clandestins au Maroc.<\/em><\/p>\n<p class=\"c3\"><em>\u00a0<\/em><\/p>\n<p><strong>Pour l\u2019avocat de la jeune journaliste, il n\u2019y a pas de quoi fouetter un chat<\/strong><\/p>\n<p><strong>\u00a0<\/strong><\/p>\n<p><em>Mais cela avait connu l\u2019opposition farouche de l\u2019aile conservatrice du pouvoir.\u00a0 Pour tenter de concilier les positions, le roi a demand\u00e9 aux\u00a0 d\u00e9partements des Droits de l&rsquo;Homme, des Affaires islamiques et de la Justice de se pencher sur la question. C\u2019est dire toute son ouverture d\u2019esprit sur une question aussi d\u00e9licate que cruciale, \u00e0\u00a0 une \u00e9tape charni\u00e8re de l\u2019\u00e9volution de son peuple, au moment o\u00f9 certains chiffres avanc\u00e9s par les d\u00e9fenseurs des associations f\u00e9ministes \u00a0font \u00e9tat de 800 avortements clandestins par jour et l\u2019abandon d\u2019une centaine de nouveaux-n\u00e9s quotidiennement dans le royaume. C\u2019est pourquoi les contours de la tenue du proc\u00e8s de Hajar Raissouni et les circonstances de son arrestation ne manquent pas de surprendre. D\u2019autant plus que dans la foul\u00e9e, son m\u00e9decin et du personnel m\u00e9dical ont aussi \u00e9t\u00e9 interpell\u00e9s, de m\u00eame que son fianc\u00e9 qui projetait de se convoler en justes noces avec elle, le 14 septembre prochain.\u00a0 En tout \u00e9tat de cause, pour l\u2019avocat de la jeune journaliste, dans cette affaire de m\u0153urs de sa cliente et d\u2019atteinte \u00e0 la loi, il n\u2019y a pas de quoi fouetter un chat. Car, selon lui, les soins apport\u00e9s \u00e0 sa cliente et au sortir desquels elle a \u00e9t\u00e9 arr\u00eat\u00e9e, ne sont rien moins qu\u2019\u00ab\u00a0un acte m\u00e9dical et nous avons un rapport m\u00e9dical qui dit qu\u2019il n\u2019y pas d\u2019avortement provoqu\u00e9. Il y a peut-\u00eatre un avortement spontan\u00e9 et cela n\u2019est pas criminel. Je vais demander la lib\u00e9ration de Hajar Raissouni\u00a0\u00bb. Aura-t-il gain de cause\u00a0? On attend de voir.<\/em><\/p>\n<p><strong>\u00a0<\/strong><\/p>\n<p><strong><em>\u00a0\u00ab\u00a0Le Pays\u00a0\u00bb<\/em><\/strong><\/p>\n<p><strong>\u00a0<\/strong><\/p>\n<p><strong>\u00a0<\/strong><\/p>\n<p>Auteur: Le Pays<br \/>\n<a href=\"http:\/\/lepays.bf\/proces-dune-journaliste-marocaine-pour-avortement\/\">Cliquez ici pour lire l&rsquo;article depuis sa source.<\/a><\/p>\n","protected":false},"excerpt":{"rendered":"<p>Elle s\u2019appelle Hajar Raissouni et elle a 28 ans. Elle, c\u2019est cette jeune journaliste marocaine qui comparaissait, hier, 9 septembre 2019, au Maroc, devant un tribunal pour atteinte aux m\u0153urs. Quoi de plus normal quand on sait qu\u2019au Royaume ch\u00e9rifien, on ne badine pas avec les pratiques qui portent atteinte \u00e0 la morale, et que [&hellip;]<\/p>\n","protected":false},"author":1813,"featured_media":0,"comment_status":"closed","ping_status":"closed","sticky":false,"template":"","format":"standard","meta":{"fifu_image_url":"","fifu_image_alt":"","footnotes":""},"categories":[73,81],"tags":[],"class_list":["post-60658","post","type-post","status-publish","format-standard","hentry","category-actualite","category-burkina-faso"],"_links":{"self":[{"href":"https:\/\/linitiative.ca\/International\/wp-json\/wp\/v2\/posts\/60658","targetHints":{"allow":["GET"]}}],"collection":[{"href":"https:\/\/linitiative.ca\/International\/wp-json\/wp\/v2\/posts"}],"about":[{"href":"https:\/\/linitiative.ca\/International\/wp-json\/wp\/v2\/types\/post"}],"author":[{"embeddable":true,"href":"https:\/\/linitiative.ca\/International\/wp-json\/wp\/v2\/users\/1813"}],"replies":[{"embeddable":true,"href":"https:\/\/linitiative.ca\/International\/wp-json\/wp\/v2\/comments?post=60658"}],"version-history":[{"count":0,"href":"https:\/\/linitiative.ca\/International\/wp-json\/wp\/v2\/posts\/60658\/revisions"}],"wp:attachment":[{"href":"https:\/\/linitiative.ca\/International\/wp-json\/wp\/v2\/media?parent=60658"}],"wp:term":[{"taxonomy":"category","embeddable":true,"href":"https:\/\/linitiative.ca\/International\/wp-json\/wp\/v2\/categories?post=60658"},{"taxonomy":"post_tag","embeddable":true,"href":"https:\/\/linitiative.ca\/International\/wp-json\/wp\/v2\/tags?post=60658"}],"curies":[{"name":"wp","href":"https:\/\/api.w.org\/{rel}","templated":true}]}}