{"id":60659,"date":"2019-09-09T16:36:00","date_gmt":"2019-09-09T20:36:00","guid":{"rendered":"https:\/\/linitiative.ca\/International\/retour-de-riek-machar-a-juba\/"},"modified":"2019-09-09T16:36:00","modified_gmt":"2019-09-09T20:36:00","slug":"retour-de-riek-machar-a-juba","status":"publish","type":"post","link":"https:\/\/linitiative.ca\/International\/retour-de-riek-machar-a-juba\/","title":{"rendered":"RETOUR DE RIEK MACHAR A JUBA"},"content":{"rendered":"<div class=\"featured-area featured-area-inner\"><img loading=\"lazy\" decoding=\"async\" width=\"780\" height=\"405\" src=\"http:\/\/lepays.bf\/wp-content\/uploads\/2019\/09\/MACHAR-780x405.jpg\" class=\"attachment-jannah-image-post size-jannah-image-post wp-post-image\" alt=\"\"\/><\/div>\n<div class=\"entry-content entry clearfix\" readability=\"68\">\n<div class=\"stream-item stream-item-above-post-content\">\n<p><noscript><\/p>\n<p><a href=\"\/\/www3.smartadserver.com\/ac?jump=1&#038;nwid=2136&#038;siteid=240610&#038;pgname=rg&#038;fmtid=49046&#038;visit=m&#038;tmstp=[timestamp]&#038;out=nonrich\" target=\"_blank\" rel=\"noopener noreferrer\"><img decoding=\"async\" src=\"\/\/www3.smartadserver.com\/ac?out=nonrich&#038;nwid=2136&#038;siteid=240610&#038;pgname=rg&#038;fmtid=49046&#038;visit=m&#038;tmstp=[timestamp]\" border=\"0\" alt=\"\"\/><\/a><\/p>\n<p><\/noscript><\/div>\n<p>En exil depuis plus d\u2019un an, l\u2019ex-vice-pr\u00e9sident du Soudan du Sud, Riek Machar, est, depuis hier 9 septembre 2019, de retour au bercail. A bord d\u2019un avion soudanais, il a quitt\u00e9 Khartoum pour Juba en compagnie d\u2019une soixantaine de personnes, en l\u2019occurrence des partisans qui lui sont rest\u00e9s fid\u00e8les. Selon le ministre sud-soudanais de l\u2019Information, Riek Machar aura un t\u00eate-\u00e0-t\u00eate avec le pr\u00e9sident Salva Kiir. Les deux hommes devraient \u00e9voquer, dit-on, \u00ab\u00a0<em>toutes les questions en suspens concernant le processus de paix et la mani\u00e8re d\u2019aller de l\u2019avant<\/em>\u00a0\u00bb. Cette rencontre entre les deux fr\u00e8res ennemis fait suite \u00e0 celle du Vatican en avril dernier, o\u00f9 le Pape Fran\u00e7ois, plaidant pour la paix au Soudan du Sud, s\u2019\u00e9tait agenouill\u00e9 devant les deux hommes pour leur demander\u00a0 de se donner la main et d\u2019enterrer d\u00e9finitivement la hache de guerre. Le retour de l\u2019ex-chef rebelle \u00e0 Juba est-il le d\u00e9but de la mise en \u0153uvre des recommandations papales\u00a0? La question reste pos\u00e9e quand on sait que la formation d\u2019un gouvernement d\u2019union nationale initialement pr\u00e9vue pour mai dernier, a \u00e9t\u00e9 diff\u00e9r\u00e9e.<\/p>\n<p><strong>\u00a0<\/strong><\/p>\n<p><strong>Salva Kiir et Riek Machar gagneraient \u00e0 d\u00e9passer leurs <em>ego<\/em> surdimensionn\u00e9s pour fumer le calumet de la paix<\/strong><\/p>\n<p><strong>\u00a0<\/strong><\/p>\n<p class=\"c3\">Car, craignant pour sa s\u00e9curit\u00e9, Riek Machar avait exig\u00e9 et obtenu un moratoire de six mois. En d\u00e9cidant finalement de regagner Juba, l\u2019ex-pr\u00e9sident a-t-il eu toutes les garanties de s\u00e9curit\u00e9\u00a0? Les jours \u00e0 venir nous le diront. En tout cas, dans l\u2019int\u00e9r\u00eat du peuple sud-soudanais qui a trop souffert le martyre, les deux leaders que sont Salva Kiir et Riek Machar gagneraient \u00e0 d\u00e9passer leurs <em>ego<\/em> surdimensionn\u00e9s pour fumer le calumet de la paix.\u00a0 Cela dit, la communaut\u00e9 internationale est interpell\u00e9e. Elle doit veiller au grain pour que le Soudan du Sud ne sombre pas de nouveau dans la guerre civile qui a d\u00e9j\u00e0 fait plus de 380 000 morts sans compter les cas de viols et autres atrocit\u00e9s. D\u00e9j\u00e0, on peut dire que l\u2019espoir est permis puisque depuis la signature de l\u2019accord de paix en septembre 2018 \u00e0 Addis Abeba, on a not\u00e9 une forte baisse des combats sur le terrain. Et pour peu que chacun des deux leaders accepte de respecter ses engagements, le Soudan du Sud, ce b\u00e9b\u00e9 n\u00e9 dans la douleur et qui a pass\u00e9 ses \u00a0premi\u00e8res ann\u00e9es dans la guerre, retrouvera sa place dans le concert des nations.<\/p>\n<p><strong>B.O<\/strong><\/p>\n<\/div>\n<p>Auteur: Le Pays<br \/>\n<a href=\"http:\/\/lepays.bf\/retour-de-riek-machar-a-juba\/\">Cliquez ici pour lire l&rsquo;article depuis sa source.<\/a><\/p>\n","protected":false},"excerpt":{"rendered":"<p>En exil depuis plus d\u2019un an, l\u2019ex-vice-pr\u00e9sident du Soudan du Sud, Riek Machar, est, depuis hier 9 septembre 2019, de retour au bercail. A bord d\u2019un avion soudanais, il a quitt\u00e9 Khartoum pour Juba en compagnie d\u2019une soixantaine de personnes, en l\u2019occurrence des partisans qui lui sont rest\u00e9s fid\u00e8les. Selon le ministre sud-soudanais de l\u2019Information, [&hellip;]<\/p>\n","protected":false},"author":1813,"featured_media":60660,"comment_status":"closed","ping_status":"closed","sticky":false,"template":"","format":"standard","meta":{"fifu_image_url":"","fifu_image_alt":"","footnotes":""},"categories":[73,81],"tags":[],"class_list":["post-60659","post","type-post","status-publish","format-standard","has-post-thumbnail","hentry","category-actualite","category-burkina-faso"],"_links":{"self":[{"href":"https:\/\/linitiative.ca\/International\/wp-json\/wp\/v2\/posts\/60659","targetHints":{"allow":["GET"]}}],"collection":[{"href":"https:\/\/linitiative.ca\/International\/wp-json\/wp\/v2\/posts"}],"about":[{"href":"https:\/\/linitiative.ca\/International\/wp-json\/wp\/v2\/types\/post"}],"author":[{"embeddable":true,"href":"https:\/\/linitiative.ca\/International\/wp-json\/wp\/v2\/users\/1813"}],"replies":[{"embeddable":true,"href":"https:\/\/linitiative.ca\/International\/wp-json\/wp\/v2\/comments?post=60659"}],"version-history":[{"count":0,"href":"https:\/\/linitiative.ca\/International\/wp-json\/wp\/v2\/posts\/60659\/revisions"}],"wp:featuredmedia":[{"embeddable":true,"href":"https:\/\/linitiative.ca\/International\/wp-json\/"}],"wp:attachment":[{"href":"https:\/\/linitiative.ca\/International\/wp-json\/wp\/v2\/media?parent=60659"}],"wp:term":[{"taxonomy":"category","embeddable":true,"href":"https:\/\/linitiative.ca\/International\/wp-json\/wp\/v2\/categories?post=60659"},{"taxonomy":"post_tag","embeddable":true,"href":"https:\/\/linitiative.ca\/International\/wp-json\/wp\/v2\/tags?post=60659"}],"curies":[{"name":"wp","href":"https:\/\/api.w.org\/{rel}","templated":true}]}}