{"id":60661,"date":"2019-09-09T07:54:16","date_gmt":"2019-09-09T11:54:16","guid":{"rendered":"https:\/\/linitiative.ca\/International\/droit-dauteur-le-bbda-nomme-une-dizaine-dambassadeurs\/"},"modified":"2019-09-09T07:54:16","modified_gmt":"2019-09-09T11:54:16","slug":"droit-dauteur-le-bbda-nomme-une-dizaine-dambassadeurs","status":"publish","type":"post","link":"https:\/\/linitiative.ca\/International\/droit-dauteur-le-bbda-nomme-une-dizaine-dambassadeurs\/","title":{"rendered":"Droit d\u2019auteur : Le BBDA nomme une dizaine d\u2019ambassadeurs"},"content":{"rendered":"<div class=\"td-post-featured-image\" readability=\"36\"><a href=\"https:\/\/i2.wp.com\/www.sidwaya.info\/wp-content\/uploads\/2019\/09\/dert.gif?fit=500%2C375&#038;ssl=1\" data-caption=\"Les droits fondamentaux, la r\u00e9partition, l\u2019octroi des licences, etc. ont \u00e9t\u00e9 expliqu\u00e9s aux \"ambassadeurs\".\"><img loading=\"lazy\" decoding=\"async\" width=\"500\" height=\"375\" class=\"entry-thumb td-modal-image\" src=\"https:\/\/i2.wp.com\/www.sidwaya.info\/wp-content\/uploads\/2019\/09\/dert.gif?resize=500%2C375&#038;ssl=1\" alt=\"\" title=\"dert\"\/><\/a>Les droits fondamentaux, la r\u00e9partition, l\u2019octroi des licences, etc. ont \u00e9t\u00e9 expliqu\u00e9s aux \u00ab\u00a0ambassadeurs\u00a0\u00bb.<\/div>\n<p><strong>Le Bureau burkinab\u00e8 du droit d\u2019auteur (BBDA) a organis\u00e9, le jeudi 5 septembre 2019 \u00e0 Ouagadougou, une session de formation sur les fondements du droit d\u2019auteur et des droits voisins au profit d\u2019une dizaine de ses soci\u00e9taires.<\/strong><\/p>\n<p>Le Bureau burkinab\u00e8 du droit d\u2019auteur (BBDA) a \u00e9lev\u00e9 au rang d\u2019ambassadeurs du droit d\u2019auteur, une dizaine d\u2019acteurs culturels (Imilio Le Chanceux, Dez Altino, Nana Bibata, Saly Z, Dao Koba Boubacar, Jacques Boureima Gu\u00e9gan\u00e9, Songa Suzane Christelle, Augusta Palenfo, Oumar Dagnon et Ciss\u00e9 Seydou dit Cisby, etc.).<\/p>\n<p>C\u2019\u00e9tait \u00e0 l\u2019issue d\u2019un atelier de formation sur le fondement et les principes g\u00e9n\u00e9raux du droit d\u2019auteur et des droits voisins, tenu le jeudi 5 septembre 2019 \u00e0 Ouagadougou. \u00ab La t\u00e2che de ces repr\u00e9sentants consistera \u00e0 nous accompagner dans notre mission de sensibilisation aupr\u00e8s des titulaires de droits et des utilisateurs qui ont des r\u00e9ticences \u00e0 s\u2019acquitter de la redevance.<\/p>\n<p>C\u2019est un comit\u00e9 de lobbying qui va nous permettre d\u2019atteindre notre objectif \u00bb, a expliqu\u00e9 le directeur g\u00e9n\u00e9ral du BBDA, Wahabou Bara. Ils doivent donc, a-t-il poursuivi, \u00eatre outill\u00e9s sur le processus de la gestion collective \u00e0 savoir les droits fondamentaux, la r\u00e9partition, la documentation, l\u2019octroi des licences, etc. Les ambassadeurs, selon le cin\u00e9aste Omar Dagnon, sont conscients de leur mission.<\/p>\n<p>\u00ab\u00a0La sensibilisation sera notre premi\u00e8re arme. En ce qui concerne le cin\u00e9ma, nous prendrons attache avec les acteurs du milieu, pour leur expliquer le bien-fond\u00e9 du paiement des droits d\u2019auteur. Car, il y a, par exemple, des cha\u00eenes de t\u00e9l\u00e9 qui refusent de payer la redevance, estimant que le signal est \u00e9mis depuis l\u2019ext\u00e9rieur\u00a0\u00bb, a-t-il soutenu. Des communications ont \u00e9t\u00e9 livr\u00e9es au cours de la formation. Le th\u00e8me \u00ab\u00a0Le fondement et les principes g\u00e9n\u00e9raux du droit d\u2019auteur et des droits voisins\u00a0\u00bb a \u00e9t\u00e9 d\u00e9velopp\u00e9 par le charg\u00e9 des strat\u00e9gies de d\u00e9veloppement du BBDA, Moumouni Derm\u00e9.<\/p>\n<p>Il a mis en exergue la n\u00e9cessit\u00e9 de s\u2019approprier la loi 032-99\/AN du 22 d\u00e9cembre 1999, portant protection de la propri\u00e9t\u00e9 litt\u00e9raire et artistique au Burkina Faso. Pour lui, il est important de bien d\u00e9finir sa position sur une \u0153uvre afin d\u2019\u00e9viter tout amalgame pendant la d\u00e9claration au BBDA. L\u2019expos\u00e9 de la directrice de la documentation g\u00e9n\u00e9rale du BBDA, C\u00e9lestine Traor\u00e9, a port\u00e9 sur \u00ab\u00a0Les droits et devoirs de l\u2019adh\u00e9rent\u00a0\u00bb.<\/p>\n<p>L\u2019adh\u00e9sion d\u2019un membre au BBDA lui permet d\u2019avoir une assistance sociale ainsi que d\u2019autres accompagnements n\u00e9cessaires en cas d\u2019\u00e9v\u00e8nements malheureux ou heureux, a-t-elle expliqu\u00e9. Quant \u00e0 la directrice du r\u00e9seau client\u00e8le, Armel Ren\u00e9e Compaor\u00e9, elle a entretenu les participants sur le processus et les enjeux de la collecte des redevances de droit d\u2019auteur. Au terme de la formation, les ambassadeurs, selon les organisateurs, formuleront, dans les jours \u00e0 venir, des recommandations qui seront remises aux premiers responsables du minist\u00e8re de la Culture, des Arts et du Tourisme.<\/p>\n<p class=\"c1\"><strong>W. Aubin NANA<\/strong><\/p>\n<div class=\"td-a-rec td-a-rec-id-content_bottom td_uid_30_5d76c6c6d67aa_rand td_block_template_1\"><img loading=\"lazy\" decoding=\"async\" class=\"aligncenter size-full wp-image-9623\" src=\"https:\/\/www.sidwaya.info\/wp-content\/uploads\/2019\/06\/Projet-bannie%CC%80re-Orange-mobile.jpg\" alt=\"\" width=\"728\" height=\"81\"\/><\/div>\n<p>Auteur: JK. Sidwaya<br \/>\n<a href=\"https:\/\/www.sidwaya.info\/blog\/2019\/09\/09\/droit-dauteur-le-bbda-nomme-une-dizaine-dambassadeurs\/\">Cliquez ici pour lire l&rsquo;article depuis sa source.<\/a><\/p>\n","protected":false},"excerpt":{"rendered":"<p>Les droits fondamentaux, la r\u00e9partition, l\u2019octroi des licences, etc. ont \u00e9t\u00e9 expliqu\u00e9s aux \u00ab\u00a0ambassadeurs\u00a0\u00bb. Le Bureau burkinab\u00e8 du droit d\u2019auteur (BBDA) a organis\u00e9, le jeudi 5 septembre 2019 \u00e0 Ouagadougou, une session de formation sur les fondements du droit d\u2019auteur et des droits voisins au profit d\u2019une dizaine de ses soci\u00e9taires. Le Bureau burkinab\u00e8 du [&hellip;]<\/p>\n","protected":false},"author":1816,"featured_media":0,"comment_status":"closed","ping_status":"closed","sticky":false,"template":"","format":"standard","meta":{"fifu_image_url":"","fifu_image_alt":"","footnotes":""},"categories":[73,81],"tags":[],"class_list":["post-60661","post","type-post","status-publish","format-standard","hentry","category-actualite","category-burkina-faso"],"_links":{"self":[{"href":"https:\/\/linitiative.ca\/International\/wp-json\/wp\/v2\/posts\/60661","targetHints":{"allow":["GET"]}}],"collection":[{"href":"https:\/\/linitiative.ca\/International\/wp-json\/wp\/v2\/posts"}],"about":[{"href":"https:\/\/linitiative.ca\/International\/wp-json\/wp\/v2\/types\/post"}],"author":[{"embeddable":true,"href":"https:\/\/linitiative.ca\/International\/wp-json\/wp\/v2\/users\/1816"}],"replies":[{"embeddable":true,"href":"https:\/\/linitiative.ca\/International\/wp-json\/wp\/v2\/comments?post=60661"}],"version-history":[{"count":0,"href":"https:\/\/linitiative.ca\/International\/wp-json\/wp\/v2\/posts\/60661\/revisions"}],"wp:attachment":[{"href":"https:\/\/linitiative.ca\/International\/wp-json\/wp\/v2\/media?parent=60661"}],"wp:term":[{"taxonomy":"category","embeddable":true,"href":"https:\/\/linitiative.ca\/International\/wp-json\/wp\/v2\/categories?post=60661"},{"taxonomy":"post_tag","embeddable":true,"href":"https:\/\/linitiative.ca\/International\/wp-json\/wp\/v2\/tags?post=60661"}],"curies":[{"name":"wp","href":"https:\/\/api.w.org\/{rel}","templated":true}]}}