{"id":60666,"date":"2019-09-09T14:50:03","date_gmt":"2019-09-09T18:50:03","guid":{"rendered":"https:\/\/linitiative.ca\/International\/trump-aucun-desaccord-a-la-maison-blanche-sur-la-rencontre-annulee-avec-les-talibans-a-camp-david\/"},"modified":"2019-09-09T14:50:03","modified_gmt":"2019-09-09T18:50:03","slug":"trump-aucun-desaccord-a-la-maison-blanche-sur-la-rencontre-annulee-avec-les-talibans-a-camp-david","status":"publish","type":"post","link":"https:\/\/linitiative.ca\/International\/trump-aucun-desaccord-a-la-maison-blanche-sur-la-rencontre-annulee-avec-les-talibans-a-camp-david\/","title":{"rendered":"Trump: aucun d\u00e9saccord \u00e0 la Maison Blanche sur la rencontre annul\u00e9e avec les talibans \u00e0 Camp David"},"content":{"rendered":"<div readability=\"32\">\n<p>Publi\u00e9 le 09.09.2019 \u00e0 19h50 par AFP<\/p>\n<\/div>\n<div readability=\"84\">\n<p>Le pr\u00e9sident am\u00e9ricain Donald Trump a vigoureusement contest\u00e9 lundi les informations de presse selon lesquelles sa volont\u00e9 d\u2019organiser une rencontre avec les talibans \u00e0 Camp David avait fait l\u2019objet de vifs d\u00e9saccords au sein de son \u00e9quipe.<\/p>\n<p>\u00ab\u00a0Beaucoup de Fake News selon lesquelles j\u2019aurais tranch\u00e9 contre l\u2019avis du vice-pr\u00e9sident et de divers conseillers sur une rencontre \u00e9ventuelle avec les talibans \u00e0 Camp David\u00a0\u00bb, a tweet\u00e9 le locataire de la Maison Blanche. \u00ab\u00a0Cette histoire est fausse!\u00a0\u00bb, a-t-il martel\u00e9.<\/p>\n<p>\u00ab\u00a0J\u2019ai toujours pens\u00e9 qu\u2019il \u00e9tait bon de rencontrer et parler\u00a0\u00bb aux gens, \u00ab\u00a0mais dans ce cas j\u2019ai finalement d\u00e9cid\u00e9 de ne pas le faire\u00a0\u00bb, a-t-il encore soulign\u00e9.<\/p>\n<p>Des m\u00e9dias am\u00e9ricains ont rapport\u00e9 que le vice-pr\u00e9sident Mike Pence, mais aussi le conseiller \u00e0 la s\u00e9curit\u00e9 nationale John Bolton, \u00e9taient oppos\u00e9s \u00e0 la venue des talibans \u00e0 Camp David, la r\u00e9sidence secondaire des pr\u00e9sidents am\u00e9ricains th\u00e9\u00e2tre de plusieurs sommets historiques.<\/p>\n<p>Donald Trump a d\u00e9voil\u00e9 samedi soir, \u00e9galement sur Twitter, avoir organis\u00e9 une rencontre secr\u00e8te avec les chefs des talibans qui devait avoir lieu dimanche \u00e0 Camp David. Il a par la m\u00eame occasion annonc\u00e9 avoir annul\u00e9 cette rencontre en raison d\u2019un attentat meurtrier revendiqu\u00e9 par les insurg\u00e9s afghans qui a tu\u00e9 notamment un soldat am\u00e9ricain jeudi \u00e0 Kaboul.<\/p>\n<p>\u00ab\u00a0Les m\u00e9dias malhonn\u00eates aiment faire croire que la confusion r\u00e8gne \u00e0 la Maison Blanche, mais ce n\u2019est pas le cas\u00a0\u00bb, a encore protest\u00e9 le milliardaire r\u00e9publicain.<\/p>\n<p>Apr\u00e8s avoir rompu les n\u00e9gociations avec les talibans qui semblaient pourtant sur le point d\u2019aboutir \u00e0 un accord historique apr\u00e8s 18 ans de guerre en Afghanistan, Donald Trump a aussi assur\u00e9 que l\u2019arm\u00e9e am\u00e9ricaine avait durci son offensive contre le mouvement rebelle depuis l\u2019attentat de jeudi.<\/p>\n<p>\u00ab\u00a0Nous faisons office de policiers en Afghanistan, et ce n\u2019est pas le r\u00f4le de nos grands soldats, les meilleurs au monde. Au cours des quatre derniers jours, nous avons frapp\u00e9 nos ennemis plus fort qu\u2019\u00e0 n\u2019importe quel moment ces dix derni\u00e8res ann\u00e9es\u00a0\u00bb, a-t-il lanc\u00e9 lundi dans un autre tweet.<\/p>\n<p>Dimanche, son secr\u00e9taire d\u2019Etat am\u00e9ricain Mike Pompeo avait affirm\u00e9 que les Etats-Unis avaient \u00ab\u00a0tu\u00e9 plus d\u2019un millier de talibans au cours des dix derniers jours\u00a0\u00bb. Il a ainsi voulu contester l\u2019id\u00e9e selon laquelle Washington n\u00e9gociait avec eux en position de faiblesse.<\/p>\n<\/div>\n<p>Auteur: AFP<br \/>\n<a href=\"https:\/\/www.journalducameroun.com\/trump-aucun-desaccord-a-la-maison-blanche-sur-la-rencontre-annulee-avec-les-talibans-a-camp-david\/\">Cliquez ici pour lire l&rsquo;article depuis sa source.<\/a><\/p>\n","protected":false},"excerpt":{"rendered":"<p>Publi\u00e9 le 09.09.2019 \u00e0 19h50 par AFP Le pr\u00e9sident am\u00e9ricain Donald Trump a vigoureusement contest\u00e9 lundi les informations de presse selon lesquelles sa volont\u00e9 d\u2019organiser une rencontre avec les talibans \u00e0 Camp David avait fait l\u2019objet de vifs d\u00e9saccords au sein de son \u00e9quipe. \u00ab\u00a0Beaucoup de Fake News selon lesquelles j\u2019aurais tranch\u00e9 contre l\u2019avis du [&hellip;]<\/p>\n","protected":false},"author":1965,"featured_media":0,"comment_status":"closed","ping_status":"closed","sticky":false,"template":"","format":"standard","meta":{"fifu_image_url":"","fifu_image_alt":"","footnotes":""},"categories":[73,82],"tags":[],"class_list":["post-60666","post","type-post","status-publish","format-standard","hentry","category-actualite","category-cameroun"],"_links":{"self":[{"href":"https:\/\/linitiative.ca\/International\/wp-json\/wp\/v2\/posts\/60666","targetHints":{"allow":["GET"]}}],"collection":[{"href":"https:\/\/linitiative.ca\/International\/wp-json\/wp\/v2\/posts"}],"about":[{"href":"https:\/\/linitiative.ca\/International\/wp-json\/wp\/v2\/types\/post"}],"author":[{"embeddable":true,"href":"https:\/\/linitiative.ca\/International\/wp-json\/wp\/v2\/users\/1965"}],"replies":[{"embeddable":true,"href":"https:\/\/linitiative.ca\/International\/wp-json\/wp\/v2\/comments?post=60666"}],"version-history":[{"count":0,"href":"https:\/\/linitiative.ca\/International\/wp-json\/wp\/v2\/posts\/60666\/revisions"}],"wp:attachment":[{"href":"https:\/\/linitiative.ca\/International\/wp-json\/wp\/v2\/media?parent=60666"}],"wp:term":[{"taxonomy":"category","embeddable":true,"href":"https:\/\/linitiative.ca\/International\/wp-json\/wp\/v2\/categories?post=60666"},{"taxonomy":"post_tag","embeddable":true,"href":"https:\/\/linitiative.ca\/International\/wp-json\/wp\/v2\/tags?post=60666"}],"curies":[{"name":"wp","href":"https:\/\/api.w.org\/{rel}","templated":true}]}}