{"id":60667,"date":"2019-09-09T15:50:03","date_gmt":"2019-09-09T19:50:03","guid":{"rendered":"https:\/\/linitiative.ca\/International\/les-observateurs-europeens-appellent-tunis-a-laisser-le-candidat-karoui-faire-campagne\/"},"modified":"2019-09-09T15:50:03","modified_gmt":"2019-09-09T19:50:03","slug":"les-observateurs-europeens-appellent-tunis-a-laisser-le-candidat-karoui-faire-campagne","status":"publish","type":"post","link":"https:\/\/linitiative.ca\/International\/les-observateurs-europeens-appellent-tunis-a-laisser-le-candidat-karoui-faire-campagne\/","title":{"rendered":"Les observateurs europ\u00e9ens appellent Tunis \u00e0 laisser le candidat Karoui faire campagne"},"content":{"rendered":"<div readability=\"32\">\n<p>Publi\u00e9 le 09.09.2019 \u00e0 20h50 par AFP<\/p>\n<\/div>\n<div readability=\"104\">\n<p>Les observateurs \u00e9lectoraux d\u00e9ploy\u00e9s par l\u2019Union europ\u00e9enne ont appel\u00e9 lundi les autorit\u00e9s tunisiennes \u00e0 respecter le \u00ab\u00a0principe d\u2019\u00e9galit\u00e9 des chances \u00e0 l\u2019\u00e9lection pr\u00e9sidentielle\u00a0\u00bb du 15 septembre, en permettant au candidat Nabil Karoui, un publicitaire controvers\u00e9 actuellement en prison, de faire campagne.<\/p>\n<p>Saluant les d\u00e9bats organis\u00e9s entre les diff\u00e9rents candidats et diffus\u00e9s sur de nombreuses cha\u00eenes de t\u00e9l\u00e9vision et radios depuis samedi, la mission d\u2019observation a d\u00e9plor\u00e9 dans un communiqu\u00e9 l\u2019absence de M. Karoui.<\/p>\n<p>Ce dernier \u00e9tait invit\u00e9 au d\u00e9bat de samedi soir, mais aucune solution n\u2019a pu \u00eatre trouv\u00e9e par la justice tunisienne pour lui permettre d\u2019y participer.<\/p>\n<p>Les observateurs ont appel\u00e9 les autorit\u00e9s \u00e0 \u00ab\u00a0permettre \u00e0 tous les candidats, dont M. Karoui, de mener campagne dans le respect du principe d\u2019\u00e9galit\u00e9 des chances \u00e0 l\u2019\u00e9lection pr\u00e9sidentielle\u00a0\u00bb.<\/p>\n<p>M. Karoui, fondateur de la cha\u00eene de t\u00e9l\u00e9vision priv\u00e9e Nessma, l\u2019une des principales du pays, est vis\u00e9 par une instruction judiciaire depuis 2017, apr\u00e8s le d\u00e9p\u00f4t par l\u2019ONG anti-corruption I-Watch d\u2019un dossier l\u2019accusant de fraude fiscale et blanchiment d\u2019argent.<\/p>\n<p>Il a \u00e9t\u00e9 arr\u00eat\u00e9 le 23 ao\u00fbt dernier, 10 jours avant la campagne \u00e9lectorale, poussant nombre d\u2019observateurs \u00e0 d\u00e9plorer une instrumentalisation de la justice.<\/p>\n<p>Sa candidature a n\u00e9anmoins \u00e9t\u00e9 valid\u00e9e par l\u2019instance ind\u00e9pendante charg\u00e9e d\u2019organiser les \u00e9lections.<\/p>\n<p>La mission d\u2019observation dirig\u00e9e par le vice-pr\u00e9sident du Parlement europ\u00e9en Fabio Massimo Castaldo, qui compte actuellement 10 analystes \u00e9lectoraux et 28 observateurs de terrain, va suivre les diff\u00e9rentes phases des scrutins pr\u00e9sidentiel et l\u00e9gislatif.<\/p>\n<p>Une centaine d\u2019observateurs europ\u00e9ens seront d\u00e9ploy\u00e9s le jour du premier tour de la pr\u00e9sidentielle, le 15 septembre.<\/p>\n<p>M. Karoui n\u2019est pas le seul candidat absent pour cause de d\u00e9m\u00eal\u00e9s avec la justice. Slim Riahi, politicien et homme d\u2019affaires poursuivi pour blanchiment d\u2019argent, s\u2019est r\u00e9fugi\u00e9 en France depuis fin 2018.<\/p>\n<p>Il est invit\u00e9 \u00e0 participer au troisi\u00e8me et dernier d\u00e9bat pr\u00e9vu lundi soir, en pr\u00e9sence notamment du Premier ministre Youssef Chahed, mais sa demande \u00e0 y participer \u00e0 distance a \u00e9t\u00e9 refus\u00e9e, a-t-il indiqu\u00e9 sur sa page Facebook. Il a d\u00e9pos\u00e9 un recours en justice pour interrompre la diffusion du d\u00e9bat.<\/p>\n<p>La Tunisie a v\u00e9cu depuis samedi des soir\u00e9es politiques t\u00e9l\u00e9vis\u00e9es in\u00e9dites, les 26 candidats r\u00e9pondant \u00e0 des questions pour aider les citoyens \u00e0 faire leur choix, un \u00e9v\u00e9nement rarissime dans le monde arabe.<\/p>\n<p>Selon la soci\u00e9t\u00e9 d\u2019audiom\u00e9trie et sondages Sigma Conseils, les d\u00e9bats ont \u00e9t\u00e9 suivis par trois millions de t\u00e9l\u00e9spectateurs, dans un pays de 11 millions d\u2019habitants.<\/p>\n<\/div>\n<p>Auteur: AFP<br \/>\n<a href=\"https:\/\/www.journalducameroun.com\/les-observateurs-europeens-appellent-tunis-a-laisser-le-candidat-karoui-faire-campagne\/\">Cliquez ici pour lire l&rsquo;article depuis sa source.<\/a><\/p>\n","protected":false},"excerpt":{"rendered":"<p>Publi\u00e9 le 09.09.2019 \u00e0 20h50 par AFP Les observateurs \u00e9lectoraux d\u00e9ploy\u00e9s par l\u2019Union europ\u00e9enne ont appel\u00e9 lundi les autorit\u00e9s tunisiennes \u00e0 respecter le \u00ab\u00a0principe d\u2019\u00e9galit\u00e9 des chances \u00e0 l\u2019\u00e9lection pr\u00e9sidentielle\u00a0\u00bb du 15 septembre, en permettant au candidat Nabil Karoui, un publicitaire controvers\u00e9 actuellement en prison, de faire campagne. Saluant les d\u00e9bats organis\u00e9s entre les diff\u00e9rents [&hellip;]<\/p>\n","protected":false},"author":1965,"featured_media":0,"comment_status":"closed","ping_status":"closed","sticky":false,"template":"","format":"standard","meta":{"fifu_image_url":"","fifu_image_alt":"","footnotes":""},"categories":[73,82],"tags":[],"class_list":["post-60667","post","type-post","status-publish","format-standard","hentry","category-actualite","category-cameroun"],"_links":{"self":[{"href":"https:\/\/linitiative.ca\/International\/wp-json\/wp\/v2\/posts\/60667","targetHints":{"allow":["GET"]}}],"collection":[{"href":"https:\/\/linitiative.ca\/International\/wp-json\/wp\/v2\/posts"}],"about":[{"href":"https:\/\/linitiative.ca\/International\/wp-json\/wp\/v2\/types\/post"}],"author":[{"embeddable":true,"href":"https:\/\/linitiative.ca\/International\/wp-json\/wp\/v2\/users\/1965"}],"replies":[{"embeddable":true,"href":"https:\/\/linitiative.ca\/International\/wp-json\/wp\/v2\/comments?post=60667"}],"version-history":[{"count":0,"href":"https:\/\/linitiative.ca\/International\/wp-json\/wp\/v2\/posts\/60667\/revisions"}],"wp:attachment":[{"href":"https:\/\/linitiative.ca\/International\/wp-json\/wp\/v2\/media?parent=60667"}],"wp:term":[{"taxonomy":"category","embeddable":true,"href":"https:\/\/linitiative.ca\/International\/wp-json\/wp\/v2\/categories?post=60667"},{"taxonomy":"post_tag","embeddable":true,"href":"https:\/\/linitiative.ca\/International\/wp-json\/wp\/v2\/tags?post=60667"}],"curies":[{"name":"wp","href":"https:\/\/api.w.org\/{rel}","templated":true}]}}