{"id":60669,"date":"2019-09-09T16:50:05","date_gmt":"2019-09-09T20:50:05","guid":{"rendered":"https:\/\/linitiative.ca\/International\/la-coree-du-nord-prete-a-reprendre-les-negociations-avec-les-etats-unis-fin-septembre\/"},"modified":"2019-09-09T16:50:05","modified_gmt":"2019-09-09T20:50:05","slug":"la-coree-du-nord-prete-a-reprendre-les-negociations-avec-les-etats-unis-fin-septembre","status":"publish","type":"post","link":"https:\/\/linitiative.ca\/International\/la-coree-du-nord-prete-a-reprendre-les-negociations-avec-les-etats-unis-fin-septembre\/","title":{"rendered":"La Cor\u00e9e du Nord pr\u00eate \u00e0 reprendre les n\u00e9gociations avec les Etats-Unis fin septembre"},"content":{"rendered":"<div readability=\"32\">\n<p>Publi\u00e9 le 09.09.2019 \u00e0 21h50 par AFP<\/p>\n<\/div>\n<div readability=\"135\">\n<p>La Cor\u00e9e du Nord a dit lundi \u00eatre pr\u00eate \u00e0 reprendre fin septembre les n\u00e9gociations avec les Etats-Unis, qui sont au point mort depuis f\u00e9vrier, quand Donald Trump et Kim Jong Un avaient \u00e9chou\u00e9 \u00e0 trouver un accord sur la d\u00e9nucl\u00e9arisation nord-cor\u00e9enne.<\/p>\n<p>\u00ab\u00a0Nous voulons nous retrouver en face-\u00e0-face avec les Etats-Unis fin septembre, \u00e0 une date et en un lieu dont nous pouvons convenir\u00a0\u00bb, a d\u00e9clar\u00e9 la vice-ministre nord-cor\u00e9enne des Affaires \u00e9trang\u00e8res Choe Son Hui dans un communiqu\u00e9 diffus\u00e9 par l\u2019agence de presse officielle KCNA.<\/p>\n<p>La p\u00e9riode \u00e9voqu\u00e9e par Pyongyang co\u00efncide avec l\u2019Assembl\u00e9e g\u00e9n\u00e9rale annuelle des Nations unies, qui se tient la derni\u00e8re semaine de septembre \u00e0 New York et r\u00e9unit des dirigeants du monde entier. Mais il n\u2019est pas encore clair si une rencontre entre le n\u00e9gociateur am\u00e9ricain Stephen Biegun et ses homologues nord-cor\u00e9ens pourrait avoir lieu \u00e0 cette occasion.<\/p>\n<p>\u00ab\u00a0Je dis toujours qu\u2019il est bon de se rencontrer\u00a0\u00bb, \u00ab\u00a0voyons ce qui va se passer\u00a0\u00bb, a r\u00e9pondu Donald Trump, interrog\u00e9 par la presse sur l\u2019offre nord-cor\u00e9enne. Il a saisi l\u2019occasion pour souligner une fois de plus sa \u00ab\u00a0tr\u00e8s bonne relation\u00a0\u00bb avec le num\u00e9ro un du r\u00e9gime nord-cor\u00e9en.<\/p>\n<p>Interrog\u00e9 par l\u2019AFP, le d\u00e9partement d\u2019Etat am\u00e9ricain a assur\u00e9 n\u2019avoir aucune r\u00e9union \u00e0 annoncer \u00e0 ce stade. Mais l\u2019administration Trump a multipli\u00e9 les appels \u00e0 la relance des pourparlers.<\/p>\n<p>Stephen Biegun, dont les entretiens avec ses homologues nord-cor\u00e9ens se comptent sur les doigts des deux mains depuis sa nomination il y a pr\u00e8s d\u2019un an, avait ainsi exhort\u00e9 vendredi Pyongyang \u00e0 cesser de faire \u00ab\u00a0obstacle\u00a0\u00bb aux n\u00e9gociations avant qu\u2019il ne soit trop tard.<\/p>\n<p>\u00ab\u00a0Nous avons fait clairement savoir \u00e0 la Cor\u00e9e du Nord que nous sommes pr\u00eats \u00e0 discuter d\u00e8s qu\u2019ils nous feront signe\u00a0\u00bb, avait r\u00e9p\u00e9t\u00e9 l\u2019\u00e9missaire am\u00e9ricain, proposant de \u00ab\u00a0lancer un cycle intensif de n\u00e9gociations\u00a0\u00bb.<\/p>\n<p>De son c\u00f4t\u00e9, le chef de la diplomatie am\u00e9ricaine Mike Pompeo avait dit dimanche avoir \u00ab\u00a0bon espoir\u00a0\u00bb d\u2019un retour \u00e0 la table des n\u00e9gociations \u00ab\u00a0dans les prochains jours ou semaines\u00a0\u00bb.<\/p>\n<p>Apr\u00e8s une dangereuse mont\u00e9e des tensions, les deux pays ont entam\u00e9 un dialogue in\u00e9dit depuis la rencontre historique de Donald Trump et Kim Jong Un en juin 2018 \u00e0 Singapour.<\/p>\n<p>Mais leur deuxi\u00e8me sommet, en f\u00e9vrier \u00e0 Hano\u00ef, s\u2019est sold\u00e9 par un \u00e9chec: le pr\u00e9sident am\u00e9ricain a refus\u00e9 de commencer \u00e0 lever les sanctions en \u00e9change d\u2019un simple d\u00e9but de d\u00e9sarmement nucl\u00e9aire propos\u00e9 par le dirigeant nord-cor\u00e9en.<\/p>\n<p>\u2013 \u00ab\u00a0Strat\u00e9gie acceptable\u00a0\u00bb \u2013<\/p>\n<p>Les n\u00e9gociations sont depuis \u00e0 l\u2019arr\u00eat, malgr\u00e9 l\u2019annonce d\u2019une relance imminente faite par les deux hommes lors d\u2019un troisi\u00e8me entretien plus improvis\u00e9, fin juin \u00e0 la fronti\u00e8re entre les deux Cor\u00e9es.<\/p>\n<p>Au cours de l\u2019\u00e9t\u00e9, Pyongyang a au contraire multipli\u00e9 des tirs de missiles de courte port\u00e9e, qualifi\u00e9s de \u00ab\u00a0provocations\u00a0\u00bb par des responsables am\u00e9ricains \u2014 m\u00eame si Donald Trump s\u2019est montr\u00e9 nettement plus conciliant.<\/p>\n<p>Et l\u2019ONU a confirm\u00e9 d\u00e9but septembre que la Cor\u00e9e du Nord poursuivait son programme d\u2019armement nucl\u00e9aire tout en se soustrayant aux sanctions.<\/p>\n<p>Les autorit\u00e9s nord-cor\u00e9ennes ont aussi hauss\u00e9 le ton, protestant contre les manoeuvres militaires conjointes entre Washington et S\u00e9oul qui se sont d\u00e9roul\u00e9es en ao\u00fbt, et d\u00e9non\u00e7ant la position des Etats-Unis, qui affirment ne vouloir lever des sanctions qu\u2019en \u00e9change d\u2019une d\u00e9nucl\u00e9arisation d\u00e9finitive.<\/p>\n<p>Mais Stephen Biegun a fait miroiter vendredi aux Nord-Cor\u00e9ens \u00ab\u00a0des mesures imm\u00e9diates\u00a0\u00bb qui pourraient \u00eatre prises en cas d\u2019avanc\u00e9es dans les n\u00e9gociations, afin de tourner la page de \u00ab\u00a0l\u2019hostilit\u00e9\u00a0\u00bb et de la \u00ab\u00a0m\u00e9fiance\u00a0\u00bb.<\/p>\n<p>Lundi, Choe Son Hui a de nouveau invit\u00e9 Washington \u00e0 pr\u00e9senter \u00ab\u00a0une strat\u00e9gie acceptable\u00a0\u00bb lors d\u2019une \u00e9ventuelle prochaine rencontre, sous peine de mettre en p\u00e9ril le processus diplomatique.<\/p>\n<p>\u00ab\u00a0Nous aurons une id\u00e9e du s\u00e9rieux de ces discussions si les Nord-Cor\u00e9ens\u00a0\u00bb envoient \u00ab\u00a0aussi des experts du nucl\u00e9aire, de l\u2019\u00e9conomie, des sanctions, des questions juridiques ou li\u00e9es \u00e0 la paix\u00a0\u00bb, et pas seulement des responsables politiques, a estim\u00e9 sur Twitter Richard Johnson, du cercle de r\u00e9flexion Nuclear Threat Initiative. \u00ab\u00a0L\u2019\u00e9quipe nord-cor\u00e9enne devra \u00e0 tout le moins venir avec un mandat pour n\u00e9gocier, donnant-donnant\u00a0\u00bb.<\/p>\n<\/div>\n<p>Auteur: AFP<br \/>\n<a href=\"https:\/\/www.journalducameroun.com\/la-coree-du-nord-prete-a-reprendre-les-negociations-avec-les-etats-unis-fin-septembre\/\">Cliquez ici pour lire l&rsquo;article depuis sa source.<\/a><\/p>\n","protected":false},"excerpt":{"rendered":"<p>Publi\u00e9 le 09.09.2019 \u00e0 21h50 par AFP La Cor\u00e9e du Nord a dit lundi \u00eatre pr\u00eate \u00e0 reprendre fin septembre les n\u00e9gociations avec les Etats-Unis, qui sont au point mort depuis f\u00e9vrier, quand Donald Trump et Kim Jong Un avaient \u00e9chou\u00e9 \u00e0 trouver un accord sur la d\u00e9nucl\u00e9arisation nord-cor\u00e9enne. \u00ab\u00a0Nous voulons nous retrouver en face-\u00e0-face [&hellip;]<\/p>\n","protected":false},"author":1965,"featured_media":0,"comment_status":"closed","ping_status":"closed","sticky":false,"template":"","format":"standard","meta":{"fifu_image_url":"","fifu_image_alt":"","footnotes":""},"categories":[73,82],"tags":[],"class_list":["post-60669","post","type-post","status-publish","format-standard","hentry","category-actualite","category-cameroun"],"_links":{"self":[{"href":"https:\/\/linitiative.ca\/International\/wp-json\/wp\/v2\/posts\/60669","targetHints":{"allow":["GET"]}}],"collection":[{"href":"https:\/\/linitiative.ca\/International\/wp-json\/wp\/v2\/posts"}],"about":[{"href":"https:\/\/linitiative.ca\/International\/wp-json\/wp\/v2\/types\/post"}],"author":[{"embeddable":true,"href":"https:\/\/linitiative.ca\/International\/wp-json\/wp\/v2\/users\/1965"}],"replies":[{"embeddable":true,"href":"https:\/\/linitiative.ca\/International\/wp-json\/wp\/v2\/comments?post=60669"}],"version-history":[{"count":0,"href":"https:\/\/linitiative.ca\/International\/wp-json\/wp\/v2\/posts\/60669\/revisions"}],"wp:attachment":[{"href":"https:\/\/linitiative.ca\/International\/wp-json\/wp\/v2\/media?parent=60669"}],"wp:term":[{"taxonomy":"category","embeddable":true,"href":"https:\/\/linitiative.ca\/International\/wp-json\/wp\/v2\/categories?post=60669"},{"taxonomy":"post_tag","embeddable":true,"href":"https:\/\/linitiative.ca\/International\/wp-json\/wp\/v2\/tags?post=60669"}],"curies":[{"name":"wp","href":"https:\/\/api.w.org\/{rel}","templated":true}]}}