{"id":60670,"date":"2019-09-09T16:50:07","date_gmt":"2019-09-09T20:50:07","guid":{"rendered":"https:\/\/linitiative.ca\/International\/donald-trump-tire-un-trait-sur-les-negociations-avec-les-talibans\/"},"modified":"2019-09-09T16:50:07","modified_gmt":"2019-09-09T20:50:07","slug":"donald-trump-tire-un-trait-sur-les-negociations-avec-les-talibans","status":"publish","type":"post","link":"https:\/\/linitiative.ca\/International\/donald-trump-tire-un-trait-sur-les-negociations-avec-les-talibans\/","title":{"rendered":"Donald Trump tire un trait sur les n\u00e9gociations avec les talibans"},"content":{"rendered":"<div readability=\"32\">\n<p>Publi\u00e9 le 09.09.2019 \u00e0 21h50 par AFP<\/p>\n<\/div>\n<div readability=\"134\">\n<p>Le pr\u00e9sident am\u00e9ricain Donald Trump a assur\u00e9 lundi que les n\u00e9gociations avec les talibans \u00e9taient \u00ab\u00a0termin\u00e9es pour de bon\u00a0\u00bb, apr\u00e8s l\u2019annulation d\u2019une rencontre secr\u00e8te pr\u00e9vue \u00e0 Camp David dont l\u2019id\u00e9e m\u00eame continuait \u00e0 susciter des remous \u00e0 Washington.<\/p>\n<p>Les propos du locataire de la Maison Blanche tranchent avec ceux du chef de la diplomatie am\u00e9ricaine Mike Pompeo, qui n\u2019avait pas exclu dimanche une reprise des discussions avec les insurg\u00e9s afghans.<\/p>\n<p>\u00ab\u00a0Elles sont termin\u00e9es pour de bon. En ce qui me concerne, elles sont termin\u00e9es\u00a0\u00bb, a lanc\u00e9 M. Trump depuis les jardins de la Maison Blanche, optant pour un ton r\u00e9solument offensif.<\/p>\n<p>Apr\u00e8s avoir rompu ces n\u00e9gociations qui semblaient pourtant sur le point d\u2019aboutir \u00e0 un accord historique apr\u00e8s 18 ans de guerre, Donald Trump a assur\u00e9 que l\u2019arm\u00e9e am\u00e9ricaine avait durci son offensive contre le mouvement rebelle depuis l\u2019attentat meurtrier de jeudi \u00e0 Kaboul qui a tu\u00e9 un soldat am\u00e9ricain.<\/p>\n<p>\u00ab\u00a0Au cours des quatre derniers jours, nous avons frapp\u00e9 nos ennemis plus fort qu\u2019\u00e0 n\u2019importe quel moment ces dix derni\u00e8res ann\u00e9es\u00a0\u00bb, a-t-il ass\u00e9n\u00e9 sur Twitter, en r\u00e9ponse aux talibans qui ont menac\u00e9 de faire \u00ab\u00a0souffrir\u00a0\u00bb l\u2019Am\u00e9rique.<\/p>\n<p>La spectaculaire rupture des tractations signifie-t-elle l\u2019abandon du retrait progressif d\u2019une partie des 13.000 \u00e0 14.000 soldats am\u00e9ricains en Afghanistan, tel qu\u2019il \u00e9tait envisag\u00e9 dans l\u2019accord qui \u00e9tait en n\u00e9gociation?<\/p>\n<p>\u00ab\u00a0J\u2019aimerais partir mais nous partirons au bon moment\u00a0\u00bb, a r\u00e9pondu, \u00e9vasif, M. Trump, \u00e9lu sur la promesse de \u00ab\u00a0mettre fin aux guerres sans fin\u00a0\u00bb.<\/p>\n<p>Visiblement d\u00e9sireux de contrer l\u2019image d\u2019un pr\u00e9sident qui gouverne par \u00e0-coups dans une Maison Blanche plac\u00e9e sous le signe du chaos, M. Trump a d\u00e9nonc\u00e9 avec virulence les articles \u00e9voquant des dissensions au sein de son \u00e9quipe.<\/p>\n<p>Des m\u00e9dias am\u00e9ricains ont rapport\u00e9 que le vice-pr\u00e9sident Mike Pence, mais aussi le conseiller \u00e0 la s\u00e9curit\u00e9 nationale John Bolton, \u00e9taient oppos\u00e9s \u00e0 la venue des talibans \u00e0 Camp David, la r\u00e9sidence secondaire des pr\u00e9sidents am\u00e9ricains th\u00e9\u00e2tre de plusieurs sommets historiques.<\/p>\n<p>\u2013 \u00ab\u00a0C\u2019\u00e9tait mon id\u00e9e\u00a0\u00bb \u2013<\/p>\n<p>\u00ab\u00a0Beaucoup de Fake News selon lesquelles j\u2019aurais tranch\u00e9 contre l\u2019avis du vice-pr\u00e9sident et de divers conseillers sur une rencontre \u00e9ventuelle avec les talibans \u00e0 Camp David\u00a0\u00bb, a tweet\u00e9 le locataire de la Maison Blanche. \u00ab\u00a0Cette histoire est fausse!\u00a0\u00bb, a-t-il martel\u00e9.<\/p>\n<p>\u00ab\u00a0Les m\u00e9dias malhonn\u00eates aiment faire croire que la confusion r\u00e8gne \u00e0 la Maison Blanche, mais ce n\u2019est pas le cas\u00a0\u00bb, a encore protest\u00e9 le milliardaire r\u00e9publicain.<\/p>\n<p>Quelques minutes plus tard pourtant, il accr\u00e9ditait l\u2019id\u00e9e que seule son analyse comptait et que l\u2019avis de son \u00e9quipe rapproch\u00e9e lui importait peu.<\/p>\n<p>\u00ab\u00a0Pour ce qui est des conseillers, j\u2019ai suivi mes conseils\u00a0\u00bb, a-t-il l\u00e2ch\u00e9. \u00ab\u00a0Il y avait une rencontre pr\u00e9vue, c\u2019\u00e9tait mon id\u00e9e, et c\u2019\u00e9tait aussi mon id\u00e9e de l\u2019annuler\u00a0\u00bb, a-t-il r\u00e9sum\u00e9, martelant sa conviction que Camp David aurait \u00e9t\u00e9 \u00ab\u00a0un bon endroit\u00a0\u00bb.<\/p>\n<p>Le principe m\u00eame d\u2019une rencontre avec les talibans dans cette r\u00e9sidence pr\u00e9sidentielle charg\u00e9e en symboles a soulev\u00e9 de vives r\u00e9actions chez certains r\u00e9publicains \u00e0 quelques jours du 18e anniversaire des attentats du 11 septembre 2001.<\/p>\n<p>\u00ab\u00a0Camp David est le lieu o\u00f9 les dirigeants de l\u2019Am\u00e9rique se sont retrouv\u00e9s pour planifier notre riposte apr\u00e8s qu\u2019Al-Qa\u00efda, soutenue par les talibans, eut tu\u00e9 3.000 Am\u00e9ricains le 11 septembre. Aucun membre des talibans ne devrait mettre les pieds l\u00e0-bas. Jamais\u00a0\u00bb, a tweet\u00e9 la membre r\u00e9publicaine du Congr\u00e8s Liz Cheney, fille de l\u2019ancien vice-pr\u00e9sident Dick Cheney.<\/p>\n<p>\u00ab\u00a0C\u2019est tr\u00e8s bizarre d\u2019inviter une organisation terroriste de ce type \u00e0 Camp David\u00a0\u00bb, a r\u00e9agi pour sa part le candidat d\u00e9mocrate \u00e0 la pr\u00e9sidentielle Julian Castro.<\/p>\n<p>M. Trump avait donn\u00e9 son feu vert il y a un an \u00e0 ces n\u00e9gociations directes et in\u00e9dites avec les talibans. L\u2019accord sur le point d\u2019\u00eatre conclu pr\u00e9voyait un d\u00e9but de retrait des troupes am\u00e9ricaines en \u00e9change de garanties contreterroristes de la part des talibans, d\u2019une \u00ab\u00a0r\u00e9duction de la violence\u00a0\u00bb et de l\u2019ouverture de n\u00e9gociations de paix directes avec les autorit\u00e9s de Kaboul, ce \u00e0 quoi les insurg\u00e9s s\u2019\u00e9taient jusqu\u2019ici toujours refus\u00e9s.<\/p>\n<\/div>\n<p>Auteur: AFP<br \/>\n<a href=\"https:\/\/www.journalducameroun.com\/donald-trump-tire-un-trait-sur-les-negociations-avec-les-talibans\/\">Cliquez ici pour lire l&rsquo;article depuis sa source.<\/a><\/p>\n","protected":false},"excerpt":{"rendered":"<p>Publi\u00e9 le 09.09.2019 \u00e0 21h50 par AFP Le pr\u00e9sident am\u00e9ricain Donald Trump a assur\u00e9 lundi que les n\u00e9gociations avec les talibans \u00e9taient \u00ab\u00a0termin\u00e9es pour de bon\u00a0\u00bb, apr\u00e8s l\u2019annulation d\u2019une rencontre secr\u00e8te pr\u00e9vue \u00e0 Camp David dont l\u2019id\u00e9e m\u00eame continuait \u00e0 susciter des remous \u00e0 Washington. Les propos du locataire de la Maison Blanche tranchent avec [&hellip;]<\/p>\n","protected":false},"author":1965,"featured_media":0,"comment_status":"closed","ping_status":"closed","sticky":false,"template":"","format":"standard","meta":{"fifu_image_url":"","fifu_image_alt":"","footnotes":""},"categories":[73,82],"tags":[],"class_list":["post-60670","post","type-post","status-publish","format-standard","hentry","category-actualite","category-cameroun"],"_links":{"self":[{"href":"https:\/\/linitiative.ca\/International\/wp-json\/wp\/v2\/posts\/60670","targetHints":{"allow":["GET"]}}],"collection":[{"href":"https:\/\/linitiative.ca\/International\/wp-json\/wp\/v2\/posts"}],"about":[{"href":"https:\/\/linitiative.ca\/International\/wp-json\/wp\/v2\/types\/post"}],"author":[{"embeddable":true,"href":"https:\/\/linitiative.ca\/International\/wp-json\/wp\/v2\/users\/1965"}],"replies":[{"embeddable":true,"href":"https:\/\/linitiative.ca\/International\/wp-json\/wp\/v2\/comments?post=60670"}],"version-history":[{"count":0,"href":"https:\/\/linitiative.ca\/International\/wp-json\/wp\/v2\/posts\/60670\/revisions"}],"wp:attachment":[{"href":"https:\/\/linitiative.ca\/International\/wp-json\/wp\/v2\/media?parent=60670"}],"wp:term":[{"taxonomy":"category","embeddable":true,"href":"https:\/\/linitiative.ca\/International\/wp-json\/wp\/v2\/categories?post=60670"},{"taxonomy":"post_tag","embeddable":true,"href":"https:\/\/linitiative.ca\/International\/wp-json\/wp\/v2\/tags?post=60670"}],"curies":[{"name":"wp","href":"https:\/\/api.w.org\/{rel}","templated":true}]}}