{"id":60675,"date":"2019-09-09T12:42:02","date_gmt":"2019-09-09T16:42:02","guid":{"rendered":"https:\/\/linitiative.ca\/International\/fonction-publique-le-minfopra-reconnait-des-incoherences-dans-les-admissions-a-lenam\/"},"modified":"2019-09-09T12:42:02","modified_gmt":"2019-09-09T16:42:02","slug":"fonction-publique-le-minfopra-reconnait-des-incoherences-dans-les-admissions-a-lenam","status":"publish","type":"post","link":"https:\/\/linitiative.ca\/International\/fonction-publique-le-minfopra-reconnait-des-incoherences-dans-les-admissions-a-lenam\/","title":{"rendered":"Fonction publique : le Minfopra reconnait des \u00ab incoh\u00e9rences \u00bb dans les admissions \u00e0 l\u2019Enam"},"content":{"rendered":"<div class=\"featured-area featured-area-inner\"><img loading=\"lazy\" decoding=\"async\" width=\"780\" height=\"405\" src=\"https:\/\/i0.wp.com\/ecomatin.net\/wp-content\/uploads\/2019\/09\/ecomatin.net-fonction-publique-le-minfopra-reconnait-des-incoherences-dans-les-admissions-a-lenam-enam.jpg?resize=780%2C405&#038;ssl=1&#038;is-pending-load=1\" class=\"attachment-jannah-image-post size-jannah-image-post wp-post-image jetpack-lazy-image\" alt=\"\" data-attachment-id=\"11233\" data-permalink=\"https:\/\/ecomatin.net\/fonction-publique-le-minfopra-reconnait-des-incoherences-dans-les-admissions-a-lenam\/enam\/\" data-orig-file=\"https:\/\/i0.wp.com\/ecomatin.net\/wp-content\/uploads\/2019\/09\/ecomatin.net-fonction-publique-le-minfopra-reconnait-des-incoherences-dans-les-admissions-a-lenam-enam.jpg?fit=2023%2C1339&#038;ssl=1\" data-orig-size=\"2023,1339\" data-comments-opened=\"0\" data-image-meta=\"{\"aperture\":\"0\",\"credit\":\"\",\"camera\":\"\",\"caption\":\"\",\"created_timestamp\":\"0\",\"copyright\":\"\",\"focal_length\":\"0\",\"iso\":\"0\",\"shutter_speed\":\"0\",\"title\":\"\",\"orientation\":\"0\"}\" data-image-title=\"ENAM\" data-image-description=\"\" data-medium-file=\"https:\/\/i0.wp.com\/ecomatin.net\/wp-content\/uploads\/2019\/09\/ecomatin.net-fonction-publique-le-minfopra-reconnait-des-incoherences-dans-les-admissions-a-lenam-enam.jpg?fit=300%2C199&#038;ssl=1\" data-large-file=\"https:\/\/i0.wp.com\/ecomatin.net\/wp-content\/uploads\/2019\/09\/ecomatin.net-fonction-publique-le-minfopra-reconnait-des-incoherences-dans-les-admissions-a-lenam-enam.jpg?fit=1024%2C678&#038;ssl=1\" data-lazy-srcset=\"https:\/\/i0.wp.com\/ecomatin.net\/wp-content\/uploads\/2019\/09\/ecomatin.net-fonction-publique-le-minfopra-reconnait-des-incoherences-dans-les-admissions-a-lenam-enam.jpg?resize=780%2C405&#038;ssl=1 780w, https:\/\/i0.wp.com\/ecomatin.net\/wp-content\/uploads\/2019\/09\/ecomatin.net-fonction-publique-le-minfopra-reconnait-des-incoherences-dans-les-admissions-a-lenam-enam.jpg?zoom=2&#038;resize=780%2C405&#038;ssl=1 1560w\" data-lazy-sizes=\"(max-width: 780px) 100vw, 780px\" srcset=\"data:image\/gif;base64,R0lGODlhAQABAIAAAAAAAP\/\/\/yH5BAEAAAAALAAAAAABAAEAAAIBRAA7\"\/><\/div>\n<div class=\"entry-content entry clearfix\" readability=\"63\">\n<p>Rendus publics samedi 07 septembre 2019, les r\u00e9sultats d\u2019entr\u00e9e \u00e0\u00a0<strong>l\u2019\u00c9cole nationale d\u2019Administration et de Magistrature (Enam)<\/strong>\u00a0ont suscit\u00e9 une incompr\u00e9hension et une vive pol\u00e9mique sur les r\u00e9seaux sociaux. Dans ces r\u00e9sultats, l\u2019on retrouvait des noms de candidats \u00e0 la fois sur les listes des admis et sur les listes d\u2019attente. D\u2019autres \u00e9taient admis tout simplement deux fois sur une m\u00eame liste.<\/p>\n<p>Cette situation ne pouvait laisser indiff\u00e9rent J<strong>oseph Le,<\/strong>\u00a0Le <strong>ministre de la Fonction publique et de la R\u00e9forme administrative<\/strong> (Minfopra) a d\u00e9cid\u00e9 de publier un communiqu\u00e9 le 08 septembre 2019 pour apporter des clarifications. \u00ab<em>Des incoh\u00e9rences ont \u00e9t\u00e9 enregistr\u00e9es dans certains arr\u00eat\u00e9s portant publication des r\u00e9sultats d\u2019admissions aux concours d\u2019entr\u00e9e \u00e0 l\u2019\u00c9cole nationale d\u2019Administration et de Magistrature (Enam) au titre de l\u2019ann\u00e9e acad\u00e9mique 2019\/2020, faisant appairer sur les listes d\u2019attente, les noms de certains candidats d\u00e9finitivement admis<\/em> \u00bb, a \u00e9crit Le Minfopra.<\/p>\n<p>D\u2019apr\u00e8s Joseph LE, des v\u00e9rifications effectu\u00e9es ont permis de confirmer \u00abl\u2019admission d\u00e9finitive \u00bb des int\u00e9ress\u00e9s auxdits concours et d\u2019\u00e9tablir que \u00ab <em>la pr\u00e9sence des m\u00eames noms sur les listes d\u2019attente ne r\u00e9l\u00e8ve que d\u2019une malencontreuse erreur mat\u00e9rielle<\/em> \u00bb, a-t-il expliqu\u00e9.\u00a0\u00a0Face \u00e0 cette situation, des arr\u00eat\u00e9s visant \u00e0 corriger ces erreurs ont \u00e9t\u00e9 sign\u00e9s par le ministre en charge de la Fonction publique et peuvent \u00eatre consult\u00e9s sur les plateformes officielles du Minfopra et de l\u2019Enam de m\u00eame que sur les panneaux d\u2019affichage desdites institutions.<\/p>\n<p>Il convient de rappeler que des incompr\u00e9hensions pareilles sont courantes dans cette grande \u00e9cole charg\u00e9e d\u2019assurer la formation professionnelle initiale des hauts cadres de l\u2019Etat. Chaque ann\u00e9e, on enregistre des frasques. Le dernier \u00e9v\u00e8nement en date c\u2019est celui de l\u2019ann\u00e9e 2017-2018. \u00c0 la suite de la publication des premiers r\u00e9sultats du concours de l\u2019Enam auquel avait pris part les deux enfants du chef de l\u2019Etat (<strong>Brenda<\/strong> et <strong>Junior BIYA<\/strong>), un communiqu\u00e9 sign\u00e9 de l\u2019ancien ministre,\u00a0<strong>Michel Ange Angouing\u00a0<\/strong>lu au journal de 20 heures de la radio nationale avait aussit\u00f4t annul\u00e9 ces r\u00e9sultats, ceci sous le pr\u00e9texte d\u2019un non-respect des proc\u00e9dures de la part du Directeur g\u00e9n\u00e9ral de l\u2019Enam.<\/p>\n<div class=\"about-author about-author-box container-wrapper\">\n<div class=\"author-avatar\">\n<p><img decoding=\"async\" src=\"http:\/\/\" alt=\"\"\/><\/p>\n<\/div>\n<p><h4>La R\u00e9daction EcoMatin<\/h4>\n<\/p>\n<\/div>\n<div class=\"awac-wrapper awac widget blog_subscription-2\">\n<h4 class=\"widget-title\">Abonnez-vous \u00e0 notre lettre d&rsquo;information<\/h4>\n<\/div>\n<\/div>\n<div class=\"toggle-post-content clearfix\"><a id=\"toggle-post-button\" class=\"button\" href=\"#\">Afficher plus <\/a><\/div>\n<p>Auteur: EcoMatin<br \/>\n<a href=\"https:\/\/ecomatin.net\/fonction-publique-le-minfopra-reconnait-des-incoherences-dans-les-admissions-a-lenam\/\">Cliquez ici pour lire l&rsquo;article depuis sa source.<\/a><\/p>\n","protected":false},"excerpt":{"rendered":"<p>Rendus publics samedi 07 septembre 2019, les r\u00e9sultats d\u2019entr\u00e9e \u00e0\u00a0l\u2019\u00c9cole nationale d\u2019Administration et de Magistrature (Enam)\u00a0ont suscit\u00e9 une incompr\u00e9hension et une vive pol\u00e9mique sur les r\u00e9seaux sociaux. Dans ces r\u00e9sultats, l\u2019on retrouvait des noms de candidats \u00e0 la fois sur les listes des admis et sur les listes d\u2019attente. D\u2019autres \u00e9taient admis tout simplement deux [&hellip;]<\/p>\n","protected":false},"author":1969,"featured_media":0,"comment_status":"closed","ping_status":"closed","sticky":false,"template":"","format":"standard","meta":{"fifu_image_url":"","fifu_image_alt":"","footnotes":""},"categories":[82,78],"tags":[],"class_list":["post-60675","post","type-post","status-publish","format-standard","hentry","category-cameroun","category-economie"],"_links":{"self":[{"href":"https:\/\/linitiative.ca\/International\/wp-json\/wp\/v2\/posts\/60675","targetHints":{"allow":["GET"]}}],"collection":[{"href":"https:\/\/linitiative.ca\/International\/wp-json\/wp\/v2\/posts"}],"about":[{"href":"https:\/\/linitiative.ca\/International\/wp-json\/wp\/v2\/types\/post"}],"author":[{"embeddable":true,"href":"https:\/\/linitiative.ca\/International\/wp-json\/wp\/v2\/users\/1969"}],"replies":[{"embeddable":true,"href":"https:\/\/linitiative.ca\/International\/wp-json\/wp\/v2\/comments?post=60675"}],"version-history":[{"count":0,"href":"https:\/\/linitiative.ca\/International\/wp-json\/wp\/v2\/posts\/60675\/revisions"}],"wp:attachment":[{"href":"https:\/\/linitiative.ca\/International\/wp-json\/wp\/v2\/media?parent=60675"}],"wp:term":[{"taxonomy":"category","embeddable":true,"href":"https:\/\/linitiative.ca\/International\/wp-json\/wp\/v2\/categories?post=60675"},{"taxonomy":"post_tag","embeddable":true,"href":"https:\/\/linitiative.ca\/International\/wp-json\/wp\/v2\/tags?post=60675"}],"curies":[{"name":"wp","href":"https:\/\/api.w.org\/{rel}","templated":true}]}}