{"id":60677,"date":"2019-09-10T07:27:49","date_gmt":"2019-09-10T11:27:49","guid":{"rendered":"https:\/\/linitiative.ca\/International\/entrepreneuriat-diafrikinvest-la-seconde-edition-du-forum-a-dakar\/"},"modified":"2019-09-10T07:27:49","modified_gmt":"2019-09-10T11:27:49","slug":"entrepreneuriat-diafrikinvest-la-seconde-edition-du-forum-a-dakar","status":"publish","type":"post","link":"https:\/\/linitiative.ca\/International\/entrepreneuriat-diafrikinvest-la-seconde-edition-du-forum-a-dakar\/","title":{"rendered":"Entrepreneuriat : DiafrikInvest, la seconde \u00e9dition  du forum \u00e0 Dakar"},"content":{"rendered":"<p><img decoding=\"async\" class=\"post_layout_5_img\" src=\"http:\/\/aujourdhui.ma\/wp-content\/uploads\/2019\/09\/DiafrikInvest.jpg?x29840\" alt=\"Entrepreneuriat : DiafrikInvest, la seconde \u00e9dition du forum \u00e0 Dakar\"\/><\/p>\n<p>DiafrikInvest se tiendra le 22 octobre 2019 \u00e0 Dakar, au S\u00e9n\u00e9gal, avec le soutien du CJD S\u00e9n\u00e9gal. Il s\u2019agira de la seconde Investment Academy du programme d\u2019acc\u00e9l\u00e9ration d\u00e9di\u00e9 \u00e0 l\u2019entrepreneuriat et \u00e0 l\u2019investissement.<span id=\"more-317844\"\/> Le programme comprend des s\u00e9ances de coaching tout sp\u00e9cialement en mati\u00e8re de techniques de la lev\u00e9e de fonds. Les participants et le grand public seront convi\u00e9s par la suite \u00e0 participer \u00e0 la th\u00e9matique: \u00abRetour d\u2019exp\u00e9riences sur les lev\u00e9es de fonds au S\u00e9n\u00e9gal\u00bb. Cette session permettra aux investisseurs, experts du financement et entrepreneurs d\u2019\u00e9changer autour de la question et d\u2019enrichir le d\u00e9bat par leur propre exp\u00e9rience. Dans une suite logique, la premi\u00e8re \u00e9dition du Field- Forum de l\u2019innovation, entrepreneuriat et leadership se tiendra les deux jours suivants au King Fahd de Dakar.<br \/>\u00abInvestir au S\u00e9n\u00e9gal : opportunit\u00e9, accompagnement, Diaspora\u00bb, c\u2019est la th\u00e9matique retenue lors de cette initiative propice aux affaires. De nombreux entrepreneurs DiafrikInvest sont attendus en plus des membres du CJD (S\u00e9n\u00e9gal, Guin\u00e9e, C\u00f4te d\u2019Ivoire, Maroc, Alg\u00e9rie, France, etc.), du r\u00e9seau Anima Investment Network et du programme Stanford Seed, le Field.<\/p>\n<p>Cette plate-forme aura pour finalit\u00e9 de cr\u00e9er la synergie entre des entrepreneurs, des experts, des structures d\u2019accompagnement et des officiels. Pendant deux jours, des pl\u00e9ni\u00e8res, panels, ateliers, rencontres B2B et s\u00e9ances de r\u00e9seautage agr\u00e9menteront le moment. Ce sera \u00e9galement l\u2019occasion aux organisateurs de pr\u00e9senter officiellement la plate-forme num\u00e9rique DiafrikInvest au S\u00e9n\u00e9gal.<br \/>En marge, une mission d\u2019affaires sera organis\u00e9e par Anima investment Network. Baptis\u00e9e \u00abBusiness Mission S\u00e9n\u00e9gal\u00bb, les participants auront l\u2019opportunit\u00e9 de prendre part aux Rencontres Africa qui auront lieu les 24 et 25 octobre 2019 au Centre international de conf\u00e9rences Abdou Diouf (CICAD) Diamniadio.<br \/>Ils b\u00e9n\u00e9ficieront d\u2019un accompagnement pour l\u2019organisation de rendez-vous cibl\u00e9s lors des forums s\u00e9lectionn\u00e9s. L\u2019offre n\u00e9goci\u00e9e d\u2019Anima Investment Network s\u2019articule, en effet, autour des rencontres B2B cibl\u00e9es, des conf\u00e9rences et ateliers, ainsi que d\u2019un pavillon d\u2019exposition mutualis\u00e9.<br \/>Lanc\u00e9 fin 2016, DiafrikInvest est une initiative qui a pour ambition d\u2019acc\u00e9l\u00e9rer et accompagner la mobilisation des talents, des entrepreneurs et des investisseurs de la diaspora pour dynamiser les relations d\u2019affaires entre l\u2019Europe, le Maroc, la Tunisie et le S\u00e9n\u00e9gal. Elle est port\u00e9e par un consortium euro-africain d\u2019acteurs du d\u00e9veloppement \u00e9conomique et repr\u00e9sentants du patronat et financ\u00e9e \u00e0 90% par l\u2019Union europ\u00e9enne pour un montant de 2,2 millions d\u2019euros.<\/p>\n<p>Auteur: Dounia Essabban<br \/>\n<a href=\"http:\/\/aujourdhui.ma\/emploi\/entrepreneuriat-diafrikinvest-la-seconde-edition-du-forum-a-dakar\">Cliquez ici pour lire l&rsquo;article depuis sa source.<\/a><\/p>\n","protected":false},"excerpt":{"rendered":"<p>DiafrikInvest se tiendra le 22 octobre 2019 \u00e0 Dakar, au S\u00e9n\u00e9gal, avec le soutien du CJD S\u00e9n\u00e9gal. Il s\u2019agira de la seconde Investment Academy du programme d\u2019acc\u00e9l\u00e9ration d\u00e9di\u00e9 \u00e0 l\u2019entrepreneuriat et \u00e0 l\u2019investissement. Le programme comprend des s\u00e9ances de coaching tout sp\u00e9cialement en mati\u00e8re de techniques de la lev\u00e9e de fonds. Les participants et le [&hellip;]<\/p>\n","protected":false},"author":1759,"featured_media":0,"comment_status":"closed","ping_status":"closed","sticky":false,"template":"","format":"standard","meta":{"fifu_image_url":"","fifu_image_alt":"","footnotes":""},"categories":[73,54],"tags":[],"class_list":["post-60677","post","type-post","status-publish","format-standard","hentry","category-actualite","category-maroc"],"_links":{"self":[{"href":"https:\/\/linitiative.ca\/International\/wp-json\/wp\/v2\/posts\/60677","targetHints":{"allow":["GET"]}}],"collection":[{"href":"https:\/\/linitiative.ca\/International\/wp-json\/wp\/v2\/posts"}],"about":[{"href":"https:\/\/linitiative.ca\/International\/wp-json\/wp\/v2\/types\/post"}],"author":[{"embeddable":true,"href":"https:\/\/linitiative.ca\/International\/wp-json\/wp\/v2\/users\/1759"}],"replies":[{"embeddable":true,"href":"https:\/\/linitiative.ca\/International\/wp-json\/wp\/v2\/comments?post=60677"}],"version-history":[{"count":0,"href":"https:\/\/linitiative.ca\/International\/wp-json\/wp\/v2\/posts\/60677\/revisions"}],"wp:attachment":[{"href":"https:\/\/linitiative.ca\/International\/wp-json\/wp\/v2\/media?parent=60677"}],"wp:term":[{"taxonomy":"category","embeddable":true,"href":"https:\/\/linitiative.ca\/International\/wp-json\/wp\/v2\/categories?post=60677"},{"taxonomy":"post_tag","embeddable":true,"href":"https:\/\/linitiative.ca\/International\/wp-json\/wp\/v2\/tags?post=60677"}],"curies":[{"name":"wp","href":"https:\/\/api.w.org\/{rel}","templated":true}]}}