{"id":60678,"date":"2019-09-10T07:30:32","date_gmt":"2019-09-10T11:30:32","guid":{"rendered":"https:\/\/linitiative.ca\/International\/un-ouvrage-dedie-a-la-logistique-signe-younes-boumaaz-et-amine-dafir\/"},"modified":"2019-09-10T07:30:32","modified_gmt":"2019-09-10T11:30:32","slug":"un-ouvrage-dedie-a-la-logistique-signe-younes-boumaaz-et-amine-dafir","status":"publish","type":"post","link":"https:\/\/linitiative.ca\/International\/un-ouvrage-dedie-a-la-logistique-signe-younes-boumaaz-et-amine-dafir\/","title":{"rendered":"Un ouvrage d\u00e9di\u00e9 \u00e0 la logistique sign\u00e9 Younes Boumaaz et Amine Dafir"},"content":{"rendered":"<header readability=\"1.24698795181\">\n<div class=\"entry-post-meta\" readability=\"5.50649350649\">\n<p>Date\u00a0:<time content=\"2019-09-10T12:30:32+00:00\" class=\"entry-date updated\" datetime=\"2019-09-10T12:30:32+00:00\">septembre 10, 2019<\/time><\/p>\n<div class=\"entry-cat\">dans:<a href=\"http:\/\/aujourdhui.ma\/category\/emploi\" rel=\"category tag\">Emploi<\/a>, <a href=\"http:\/\/aujourdhui.ma\/category\/une\" rel=\"category tag\">Une<\/a><\/div>\n<p>0 Vues<\/p>\n<\/div>\n<\/header>\n<div class=\"entry-content clearfix\" readability=\"60\"><img decoding=\"async\" class=\"post_layout_5_img\" src=\"http:\/\/aujourdhui.ma\/wp-content\/uploads\/2019\/09\/livre.jpg?x29840\" alt=\"Un ouvrage d\u00e9di\u00e9 \u00e0 la logistique sign\u00e9 Younes Boumaaz et Amine Dafir\"\/><\/p>\n<p>\u00abLogistique internationale : management des op\u00e9rations d\u2019import et d\u2019export\u00bb, c\u2019est le titre de l\u2019ouvrage co\u00e9crit par les chercheurs Younes Boumaaz et Amine Dafir. <span id=\"more-317847\"\/>Paru aux \u00e9ditions El Maarif Al Jadida, le livre vise \u00e0 d\u00e9mystifier les outils, m\u00e9thodes, d\u00e9marches et recommandations indispensables tout au long d\u2019une op\u00e9ration d\u2019import et d\u2019export. \u00abChaque aspect est trait\u00e9 sur trois \u00e0 six pages, avec le contexte d\u2019utilisation, des conseils m\u00e9thodologiques, des sch\u00e9mas visuels, les avantages et pr\u00e9cautions \u00e0 prendre et, pour certains, un approfondissement et un cas d\u2019entreprise comment\u00e9\u00bb, expliquent les auteurs. Ces derniers se sont consacr\u00e9s ainsi \u00e0 d\u00e9crire les instruments et les outils n\u00e9cessaires pour conduire une op\u00e9ration d\u2019import et d\u2019export de mani\u00e8re professionnelle et efficace. L\u2019identification du circuit et du mode de transport \u00e0 l\u2019international \u00e0 travers la ma\u00eetrise des \u00e9tapes d\u2019internationalisation des entreprises, tel est l\u2019enjeu. Tel que con\u00e7u, l\u2019ouvrage s\u2019adresse aux professionnels, \u00e9tudiants et chercheurs des grandes \u00e9coles et des universit\u00e9s.<\/p>\n<p>Amine Dafir est enseignant chercheur \u00e0 l\u2019Universit\u00e9 Hassan II Casablanca. Il est docteur en \u00e9conomie internationale \u00e0 l\u2019Universit\u00e9 Mohammed V Rabat. Ancien cadre \u00e0 l\u2019Administration des douanes et imp\u00f4ts indirects, les travaux actuels de l\u2019auteur portent sur le commerce international, la diplomatie \u00e9conomique et les relations Maroc-Afrique. Il admet \u00e0 son actif une dizaine de travaux sur le m\u00eame sujet. Younes Boumaaz, quant \u00e0 lui, est chercheur en \u00e9conomie internationale. Ses travaux actuels portent sur le management, le commerce international, la logistique et le supply chain management. Il s\u2019int\u00e9resse \u00e9galement aux domaines li\u00e9s \u00e0 la facilitation des \u00e9changes et aux questions douani\u00e8res. Il a particip\u00e9 \u00e0 plusieurs conf\u00e9rences nationales et internationales portant sur les m\u00eames th\u00e8mes et a publi\u00e9 plusieurs articles dans ce domaine.<\/p>\n<\/div>\n<p>Auteur: Dounia Essabban<br \/>\n<a href=\"http:\/\/aujourdhui.ma\/emploi\/un-ouvrage-dedie-a-la-logistique-signe-younes-boumaaz-et-amine-dafir\">Cliquez ici pour lire l&rsquo;article depuis sa source.<\/a><\/p>\n","protected":false},"excerpt":{"rendered":"<p>Date\u00a0:septembre 10, 2019 dans:Emploi, Une 0 Vues \u00abLogistique internationale : management des op\u00e9rations d\u2019import et d\u2019export\u00bb, c\u2019est le titre de l\u2019ouvrage co\u00e9crit par les chercheurs Younes Boumaaz et Amine Dafir. Paru aux \u00e9ditions El Maarif Al Jadida, le livre vise \u00e0 d\u00e9mystifier les outils, m\u00e9thodes, d\u00e9marches et recommandations indispensables tout au long d\u2019une op\u00e9ration d\u2019import [&hellip;]<\/p>\n","protected":false},"author":1759,"featured_media":0,"comment_status":"closed","ping_status":"closed","sticky":false,"template":"","format":"standard","meta":{"fifu_image_url":"","fifu_image_alt":"","footnotes":""},"categories":[73,54],"tags":[],"class_list":["post-60678","post","type-post","status-publish","format-standard","hentry","category-actualite","category-maroc"],"_links":{"self":[{"href":"https:\/\/linitiative.ca\/International\/wp-json\/wp\/v2\/posts\/60678","targetHints":{"allow":["GET"]}}],"collection":[{"href":"https:\/\/linitiative.ca\/International\/wp-json\/wp\/v2\/posts"}],"about":[{"href":"https:\/\/linitiative.ca\/International\/wp-json\/wp\/v2\/types\/post"}],"author":[{"embeddable":true,"href":"https:\/\/linitiative.ca\/International\/wp-json\/wp\/v2\/users\/1759"}],"replies":[{"embeddable":true,"href":"https:\/\/linitiative.ca\/International\/wp-json\/wp\/v2\/comments?post=60678"}],"version-history":[{"count":0,"href":"https:\/\/linitiative.ca\/International\/wp-json\/wp\/v2\/posts\/60678\/revisions"}],"wp:attachment":[{"href":"https:\/\/linitiative.ca\/International\/wp-json\/wp\/v2\/media?parent=60678"}],"wp:term":[{"taxonomy":"category","embeddable":true,"href":"https:\/\/linitiative.ca\/International\/wp-json\/wp\/v2\/categories?post=60678"},{"taxonomy":"post_tag","embeddable":true,"href":"https:\/\/linitiative.ca\/International\/wp-json\/wp\/v2\/tags?post=60678"}],"curies":[{"name":"wp","href":"https:\/\/api.w.org\/{rel}","templated":true}]}}