{"id":60680,"date":"2019-09-10T07:33:14","date_gmt":"2019-09-10T11:33:14","guid":{"rendered":"https:\/\/linitiative.ca\/International\/kelaat-sraghna-un-chauffeur-de-taxi-septuagenaire-tue-par-son-ami\/"},"modified":"2019-09-10T07:33:14","modified_gmt":"2019-09-10T11:33:14","slug":"kelaat-sraghna-un-chauffeur-de-taxi-septuagenaire-tue-par-son-ami","status":"publish","type":"post","link":"https:\/\/linitiative.ca\/International\/kelaat-sraghna-un-chauffeur-de-taxi-septuagenaire-tue-par-son-ami\/","title":{"rendered":"Kela\u00e2t Sraghna : Un chauffeur de taxi, septuag\u00e9naire, tu\u00e9 par son ami"},"content":{"rendered":"<header readability=\"1.16949152542\">\n<\/header>\n<div class=\"entry-content clearfix\" readability=\"59\"><img decoding=\"async\" class=\"post_layout_5_img\" src=\"http:\/\/aujourdhui.ma\/wp-content\/uploads\/2016\/03\/Victime-crime-Police.jpg?x29840\" alt=\"Kela\u00e2t Sraghna : Un chauffeur de taxi, septuag\u00e9naire, tu\u00e9 par son ami\"\/><\/p>\n<p>Il est p\u00e8re de famille, septuag\u00e9naire, demeurant au quartier Al Qods, \u00e0 Kela\u00e2t Sraghna. Chauffeur de grand taxi, il jouissait d\u2019une bonne r\u00e9putation.<span id=\"more-317852\"\/> Mais, personne ne savait ce qui lui est arriv\u00e9 le mardi 3 septembre. D\u00e8s qu\u2019il est sorti le matin, il n\u2019a plus donn\u00e9 signe de vie. Sa famille l\u2019a cherch\u00e9 partout. Mais en vain. Le lendemain, mercredi 4 septembre, sa femme s\u2019est rendue chez les gendarmes pour les alerter de la disparition de son \u00e9poux et leur solliciter d\u2019effectuer une recherche pour la famille. Effectivement, les investigations ont \u00e9t\u00e9 entam\u00e9es par les enqu\u00eateurs. Mais, sans r\u00e9sultat positif.<\/p>\n<p>Nous sommes le vendredi 6 septembre. Tr\u00e8s t\u00f4t le matin, le cadavre d\u2019un vieil homme a \u00e9t\u00e9 d\u00e9couvert par des journaliers qui empruntaient le chemin non loin du douar Draoua relevant de la commune rurale Znada, dans la province de Kela\u00e2t Sraghna, \u00e0 destination de leur emploi. Il pr\u00e9sentait de graves blessures au niveau de la t\u00eate. Une corde sur la sc\u00e8ne de crime a \u00e9t\u00e9 remarqu\u00e9e par les enqu\u00eateurs de la gendarmerie royale. Les t\u00e9moignages des membres de sa famille ont r\u00e9v\u00e9l\u00e9 qu\u2019il \u00e9tait, le matin du jour de sa disparition, en compagnie d\u2019un ami, \u00e9galement chauffeur de taxi de son \u00e9tat. Ils ont tous les deux pris le petit-d\u00e9jeuner. Identifi\u00e9, ce dernier a \u00e9t\u00e9 arr\u00eat\u00e9 et soumis aux interrogatoires. Certes, il a avou\u00e9 son meurtre. Mais l\u2019enqu\u00eate est toujours en cours pour arriver \u00e0 d\u00e9terminer le mobile du crime. Apr\u00e8s la fin de l\u2019enqu\u00eate, le mis en cause sera traduit devant le parquet g\u00e9n\u00e9ral pr\u00e8s la Cour d\u2019appel de Marrakech.<\/p>\n<\/div>\n<p>Auteur: Abderrafii ALOUMLIKI<br \/>\n<a href=\"http:\/\/aujourdhui.ma\/faits-divers\/kelaat-sraghna-un-chauffeur-de-taxi-septuagenaire-tue-par-son-ami\">Cliquez ici pour lire l&rsquo;article depuis sa source.<\/a><\/p>\n","protected":false},"excerpt":{"rendered":"<p>Il est p\u00e8re de famille, septuag\u00e9naire, demeurant au quartier Al Qods, \u00e0 Kela\u00e2t Sraghna. Chauffeur de grand taxi, il jouissait d\u2019une bonne r\u00e9putation. Mais, personne ne savait ce qui lui est arriv\u00e9 le mardi 3 septembre. D\u00e8s qu\u2019il est sorti le matin, il n\u2019a plus donn\u00e9 signe de vie. Sa famille l\u2019a cherch\u00e9 partout. Mais [&hellip;]<\/p>\n","protected":false},"author":1759,"featured_media":0,"comment_status":"closed","ping_status":"closed","sticky":false,"template":"","format":"standard","meta":{"fifu_image_url":"","fifu_image_alt":"","footnotes":""},"categories":[73,54],"tags":[],"class_list":["post-60680","post","type-post","status-publish","format-standard","hentry","category-actualite","category-maroc"],"_links":{"self":[{"href":"https:\/\/linitiative.ca\/International\/wp-json\/wp\/v2\/posts\/60680","targetHints":{"allow":["GET"]}}],"collection":[{"href":"https:\/\/linitiative.ca\/International\/wp-json\/wp\/v2\/posts"}],"about":[{"href":"https:\/\/linitiative.ca\/International\/wp-json\/wp\/v2\/types\/post"}],"author":[{"embeddable":true,"href":"https:\/\/linitiative.ca\/International\/wp-json\/wp\/v2\/users\/1759"}],"replies":[{"embeddable":true,"href":"https:\/\/linitiative.ca\/International\/wp-json\/wp\/v2\/comments?post=60680"}],"version-history":[{"count":0,"href":"https:\/\/linitiative.ca\/International\/wp-json\/wp\/v2\/posts\/60680\/revisions"}],"wp:attachment":[{"href":"https:\/\/linitiative.ca\/International\/wp-json\/wp\/v2\/media?parent=60680"}],"wp:term":[{"taxonomy":"category","embeddable":true,"href":"https:\/\/linitiative.ca\/International\/wp-json\/wp\/v2\/categories?post=60680"},{"taxonomy":"post_tag","embeddable":true,"href":"https:\/\/linitiative.ca\/International\/wp-json\/wp\/v2\/tags?post=60680"}],"curies":[{"name":"wp","href":"https:\/\/api.w.org\/{rel}","templated":true}]}}