{"id":60681,"date":"2019-09-10T05:42:56","date_gmt":"2019-09-10T09:42:56","guid":{"rendered":"https:\/\/linitiative.ca\/International\/lentrepreneuriat-axe-central-du-nouveau-modele-de-developpement-economique\/"},"modified":"2019-09-10T05:42:56","modified_gmt":"2019-09-10T09:42:56","slug":"lentrepreneuriat-axe-central-du-nouveau-modele-de-developpement-economique","status":"publish","type":"post","link":"https:\/\/linitiative.ca\/International\/lentrepreneuriat-axe-central-du-nouveau-modele-de-developpement-economique\/","title":{"rendered":"L\u2019entrepreneuriat, axe central du nouveau mod\u00e8le de d\u00e9veloppement \u00e9conomique"},"content":{"rendered":"<p class=\"c3\"><span class=\"c2\"><strong>2\u00e8me Universit\u00e9 d\u2019\u00c9t\u00e9 de la CGEM<\/strong><\/span><\/p>\n<p class=\"c5\"><span class=\"c4\"><strong><span class=\"c2\">L<\/span>a Conf\u00e9d\u00e9ration g\u00e9n\u00e9rale des entreprises du Maroc cl\u00f4ture l\u2019\u00e9t\u00e9\u00a0 avec la tenue de sa deuxi\u00e8me \u00e9dition de son Universit\u00e9 d\u2019\u00c9t\u00e9 les 13 et 14 \u00e0 Casablanca. Le th\u00e8me choisi est intimement li\u00e9 \u00e0 la r\u00e9flexion men\u00e9e actuellement sur les tenants et aboutissants du nouveau mod\u00e8le de d\u00e9veloppement\u00a0 dont les contours restent encore \u00e0 d\u00e9finir.<\/strong><\/span><\/p>\n<p class=\"c5\">Pour le patronat l\u2019entrepreneuriat reste un axe central du nouveau mod\u00e8le de d\u00e9veloppement. Le mod\u00e8le actuel annonce-t-on a bien montr\u00e9 ses limites et ses signes d\u2019essoufflement dans\u00a0 un monde marqu\u00e9 par une dynamique continentale et une mutation structurelle de plus en plus acc\u00e9l\u00e9r\u00e9e.<\/p>\n<p class=\"c5\">Le choix de la th\u00e9matique de la 2eme \u00e9dition de l\u2019Universit\u00e9 d\u2019\u00e9t\u00e9 de la CGEM n\u2019est pas fortuit. C\u2019est un choix qui se veut bien r\u00e9fl\u00e9chi qui entame une nouvelle rentr\u00e9e \u00a02019 de la conf\u00e9d\u00e9ration dans une p\u00e9riode de grande r\u00e9flexion nationale sur les contours du nouveau mod\u00e8le de d\u00e9veloppement indique la GEM dans un communiqu\u00e9.<\/p>\n<p class=\"c5\">L\u2019\u00e9v\u00e9nement\u00a0 programm\u00e9 cette semaine sera ainsi l\u2019occasion de dresser le bilan de la situation \u00e9conomique du pays et de mettre\u00a0 la lumi\u00e8re sur ses forces et ses faiblesses. D\u00e9j\u00e0 l\u2019on peut constater que la croissance qui reste bas\u00e9e principalement sur la demande interne et l\u2019investissement public reste tr\u00e8s faibles (3%) d\u2019o\u00f9 les in\u00e9galit\u00e9s sociales jug\u00e9es assez profondes.<\/p>\n<p class=\"c5\">C\u2019est dans cette optique de d\u00e9passement des limites du mod\u00e8le \u00e9conomique actuel que la CCGEM veut mettre la lumi\u00e8re sur le\u00a0 r\u00f4le cruciale de l\u2019entrepreneuriat\u00a0 au sens le plus large dans le d\u00e9veloppement \u00e9conomique et sociale du pays et ce dans le cadre d\u2019un nouveau mod\u00e8le de d\u00e9veloppement \u00e9conomique qui doit associ\u00e9 les conditions d\u2019une croissance forte bas\u00e9 sur la productivit\u00e9 et l\u2019\u00e9quit\u00e9 sociale. Le r\u00f4le du syst\u00e8me \u00e9ducatif et de la formation dans l\u2019\u00e9mergence de futures g\u00e9n\u00e9rations d\u2019entrepreneurs n\u2019est pas en reste. Il est d\u2019autant crucial que la mise \u00e0 niveau du capital humain et l\u2019am\u00e9lioration du climat des affaires.<\/p>\n<p class=\"c5\">L\u2019universit\u00e9 d\u2019\u00e9t\u00e9 sera l\u2019occasion indique les organisateurs de f\u00e9d\u00e9rer les acteurs autour d\u2019une vison commune pour tracer les modalit\u00e9s de mise en \u0153uvre du nouveau mod\u00e8le de d\u00e9veloppement. C\u2019est aussi l\u2019occasion de relancer le partenariat gouvernement\/entrepreneurs pour un nouveau Pacte de croissance inclusive\u00a0 et de d\u00e9veloppement \u00e9conomique et social selon trois \u00e9ch\u00e9ances principales\u00a0 et strat\u00e9giques\u00a0: 2020 court terme, 2025 objectifs \u00e0 moyen terme et le cap \u00e0 long terme fix\u00e9 \u00e0 2050.<\/p>\n<p class=\"c6\"><strong>Fairouz El Mouden<\/strong><\/p>\n<p>Auteur: M&rsquo;hammed rahal<br \/>\n<a href=\"http:\/\/albayane.press.ma\/lentrepreneuriat-axe-central-du-nouveau-modele-de-developpement-economique.html\">Cliquez ici pour lire l&rsquo;article depuis sa source.<\/a><\/p>\n","protected":false},"excerpt":{"rendered":"<p>2\u00e8me Universit\u00e9 d\u2019\u00c9t\u00e9 de la CGEM La Conf\u00e9d\u00e9ration g\u00e9n\u00e9rale des entreprises du Maroc cl\u00f4ture l\u2019\u00e9t\u00e9\u00a0 avec la tenue de sa deuxi\u00e8me \u00e9dition de son Universit\u00e9 d\u2019\u00c9t\u00e9 les 13 et 14 \u00e0 Casablanca. Le th\u00e8me choisi est intimement li\u00e9 \u00e0 la r\u00e9flexion men\u00e9e actuellement sur les tenants et aboutissants du nouveau mod\u00e8le de d\u00e9veloppement\u00a0 dont les [&hellip;]<\/p>\n","protected":false},"author":1760,"featured_media":0,"comment_status":"closed","ping_status":"closed","sticky":false,"template":"","format":"standard","meta":{"fifu_image_url":"","fifu_image_alt":"","footnotes":""},"categories":[73,54],"tags":[],"class_list":["post-60681","post","type-post","status-publish","format-standard","hentry","category-actualite","category-maroc"],"_links":{"self":[{"href":"https:\/\/linitiative.ca\/International\/wp-json\/wp\/v2\/posts\/60681","targetHints":{"allow":["GET"]}}],"collection":[{"href":"https:\/\/linitiative.ca\/International\/wp-json\/wp\/v2\/posts"}],"about":[{"href":"https:\/\/linitiative.ca\/International\/wp-json\/wp\/v2\/types\/post"}],"author":[{"embeddable":true,"href":"https:\/\/linitiative.ca\/International\/wp-json\/wp\/v2\/users\/1760"}],"replies":[{"embeddable":true,"href":"https:\/\/linitiative.ca\/International\/wp-json\/wp\/v2\/comments?post=60681"}],"version-history":[{"count":0,"href":"https:\/\/linitiative.ca\/International\/wp-json\/wp\/v2\/posts\/60681\/revisions"}],"wp:attachment":[{"href":"https:\/\/linitiative.ca\/International\/wp-json\/wp\/v2\/media?parent=60681"}],"wp:term":[{"taxonomy":"category","embeddable":true,"href":"https:\/\/linitiative.ca\/International\/wp-json\/wp\/v2\/categories?post=60681"},{"taxonomy":"post_tag","embeddable":true,"href":"https:\/\/linitiative.ca\/International\/wp-json\/wp\/v2\/tags?post=60681"}],"curies":[{"name":"wp","href":"https:\/\/api.w.org\/{rel}","templated":true}]}}