{"id":60682,"date":"2019-09-10T05:50:35","date_gmt":"2019-09-10T09:50:35","guid":{"rendered":"https:\/\/linitiative.ca\/International\/lumt-sur-le-double-front-des-droits-sociaux-et-des-libertes-syndicales\/"},"modified":"2019-09-10T05:50:35","modified_gmt":"2019-09-10T09:50:35","slug":"lumt-sur-le-double-front-des-droits-sociaux-et-des-libertes-syndicales","status":"publish","type":"post","link":"https:\/\/linitiative.ca\/International\/lumt-sur-le-double-front-des-droits-sociaux-et-des-libertes-syndicales\/","title":{"rendered":"L\u2019UMT sur le double front des droits sociaux et des libert\u00e9s syndicales"},"content":{"rendered":"<p class=\"c2\">Propos recueillis par Bouchra Naji (MAP)<\/p>\n<p class=\"c5\"><span class=\"c4\"><strong><span class=\"c3\">G<\/span>\u00e9n\u00e9ralisation des augmentations, all\u00e8gement du fardeau fiscal des familles et rejet \u00ab\u00a0cat\u00e9gorique\u00a0\u00bb du projet gouvernemental relatif \u00e0 la loi sur la gr\u00e8ve, tels seront les dossiers prioritaires de la rentr\u00e9e sociale pour l\u2019Union marocain du travail (UMT), qui compte se dresser fermement contre les atteintes aux libert\u00e9s syndicales.<\/strong><\/span><br \/>Pour ce faire, la centrale va demander \u00e0 l\u2019Ex\u00e9cutif de d\u00e9ployer \u00ab\u00a0des mesures urgentes\u00a0\u00bb pour pr\u00e9server les acquis sociaux et engranger d\u2019autres, allant dans le sens de la satisfaction des revendications de la classe ouvri\u00e8re, a assur\u00e9 son pr\u00e9sident Miloudi Moukharik dans une interview \u00e0 la MAP.<br \/>\u00ab\u00a0La rentr\u00e9e sociale 2019 est exceptionnelle \u00e0 tous les niveaux, surtout que la situation des salari\u00e9s n\u00e9cessite beaucoup d\u2019am\u00e9lioration\u00a0\u00bb, a estim\u00e9 M. Moukharik, qui semble garder un sentiment d\u2019inachev\u00e9 du dernier accord sign\u00e9 avec le gouvernement, \u00e0 la veille du 1er mai.<br \/>Aux yeux du leader syndical, \u00ab\u00a0l\u2019accord sign\u00e9 le 25 avril 2019 n\u2019a pas concern\u00e9 toute les cat\u00e9gories sociales des salaires, car l\u2019augmentation, qui ne correspond pas aux aspirations, n\u2019a concern\u00e9 que les fonctionnaires, en ce sens que les employ\u00e9s du secteur priv\u00e9 n\u2019ont pas \u00e9t\u00e9 int\u00e9gr\u00e9 dans cet accord\u00a0\u00bb.<br \/>Il a, \u00e0 ce propos, rappel\u00e9 que les augmentations ont port\u00e9 sur les SMIG et SMAG \u00e0 hauteur de 10 pc r\u00e9partis sur plusieurs tranches, notant qu\u2019il est \u00ab\u00a0malheureux de constater que le d\u00e9cret portant application de l\u2019augmentation sur les allocations familiales, qui ne concerne que les 3 premiers enfants, a enregistr\u00e9 un retard de cinq mois\u00a0\u00bb.<br \/>En plus de demander \u00ab\u00a0l\u2019\u00e9galit\u00e9 entre les enfants\u00a0\u00bb, l\u2019UMT va surtout \u00ab\u00a0exiger la d\u00e9falcation des frais de la scolarit\u00e9 de l\u2019assiette imposable\u00a0\u00bb, comme moyen d\u2019all\u00e9ger le fardeau des familles et am\u00e9liorer, par ricochet, leurs revenus.<br \/>\u00ab\u00a0C\u2019est une mesure extr\u00eamement importante pour tirer vers le haut et encourager les familles \u00e0 envoyer leurs enfants \u00e0 l\u2019\u00e9cole\u00a0\u00bb, a insist\u00e9 Miloudi Moukharik, \u00e0 un moment o\u00f9 la majeure partie des m\u00e9nages croule sous le poids des d\u00e9penses occasionn\u00e9es par la rentr\u00e9e scolaire.<br \/>Quand il s\u2019agit de s\u2019\u00e9pancher sur la th\u00e9matique \u00e9pineuse des libert\u00e9s syndicales, M. Moukharik ne va pas m\u00e2cher ses mots: \u00ab\u00a0Dans plusieurs r\u00e9gions et dans plusieurs secteurs, les libert\u00e9s syndicales sont viol\u00e9es et bafou\u00e9es car les d\u00e9l\u00e9gu\u00e9s syndicaux sont licenci\u00e9s pour avoir exerc\u00e9 un droit constitutionnel qui est le droit de cr\u00e9er une structure syndicale\u00a0\u00bb.<br \/>Cette situation va, automatiquement, amener le dirigeant \u00e0 mettre le cap sur un sujet qui risque de f\u00e2cher en cette rentr\u00e9e, en l\u2019occurrence le projet de loi organique sur la gr\u00e8ve, que le gouvernement semble d\u00e9cid\u00e9 \u00e0 mettre en t\u00eate de l\u2019agenda l\u00e9gislatif. \u00ab\u00a0Il s\u2019agit l\u00e0 d\u2019une probl\u00e9matique majeure qui va nous opposer au gouvernement\u00a0\u00bb, a pr\u00e9venu Miloudi Moukharik.<br \/>Pour m\u00e9moire, il va rappeler comment les syndicats ont fait capoter une tentative de passage en force du pr\u00e9c\u00e9dent ex\u00e9cutif. \u00ab\u00a0Le gouvernement (Abdelilah) Benkirane a pr\u00e9par\u00e9 de fa\u00e7on unilat\u00e9rale et dans la clandestinit\u00e9 un projet de loi sur le droit de gr\u00e8ve\u00a0\u00bb.<br \/>Et de poursuivre: \u00ab\u00a0Nous n\u2019avons \u00e9t\u00e9 ni associ\u00e9s, ni consult\u00e9s sur ce sujet. Le projet a \u00e9t\u00e9 adopt\u00e9 au conseil des ministres, puis au conseil de gouvernement et envoy\u00e9 au Parlement, mais nous avons pu le bloquer au niveau de la premi\u00e8re chambre\u00a0\u00bb.<br \/>Dans le souci de ne pas voir se reproduire le m\u00eame sc\u00e9nario, Miloudi Moukharik demande \u00e0 ce que le gouvernement \u00ab\u00a0discute de l\u2019orientation et de la philosophie de cette loi organique\u00a0\u00bb avec les partenaires sociaux, car l\u2019UMT \u00ab\u00a0n\u2019est pas contre une l\u00e9gislation sur le droit de gr\u00e8ve, mais elle ne doit pas restreindre un droit garanti par la Constitution\u00a0\u00bb, a-t-il martel\u00e9.<br \/>Visiblement exc\u00e9d\u00e9 des difficult\u00e9s de l\u2019Ex\u00e9cutif \u00e0 maintenir un \u00e9change continu et fructueux avec les syndicats, Miloudi Moukharik va sugg\u00e9rer, en conclusion, la mise en place d\u2019un \u00ab\u00a0minist\u00e8re de l\u2019emploi et du dialogue\u00a0\u00bb, qui aura pour comp\u00e9tence l\u2019autorit\u00e9 d\u2019appliquer la loi et la l\u00e9gislation sociale et encourager la n\u00e9gociation. Voil\u00e0 qui peut donner mati\u00e8re \u00e0 r\u00e9flexion dans les prochains jours au chef de gouvernement.<\/p>\n<p>Auteur: M&rsquo;hammed rahal<br \/>\n<a href=\"http:\/\/albayane.press.ma\/lumt-sur-le-double-front-des-droits-sociaux-et-des-libertes-syndicales.html\">Cliquez ici pour lire l&rsquo;article depuis sa source.<\/a><\/p>\n","protected":false},"excerpt":{"rendered":"<p>Propos recueillis par Bouchra Naji (MAP) G\u00e9n\u00e9ralisation des augmentations, all\u00e8gement du fardeau fiscal des familles et rejet \u00ab\u00a0cat\u00e9gorique\u00a0\u00bb du projet gouvernemental relatif \u00e0 la loi sur la gr\u00e8ve, tels seront les dossiers prioritaires de la rentr\u00e9e sociale pour l\u2019Union marocain du travail (UMT), qui compte se dresser fermement contre les atteintes aux libert\u00e9s syndicales.Pour ce [&hellip;]<\/p>\n","protected":false},"author":1760,"featured_media":0,"comment_status":"closed","ping_status":"closed","sticky":false,"template":"","format":"standard","meta":{"fifu_image_url":"","fifu_image_alt":"","footnotes":""},"categories":[73,54],"tags":[],"class_list":["post-60682","post","type-post","status-publish","format-standard","hentry","category-actualite","category-maroc"],"_links":{"self":[{"href":"https:\/\/linitiative.ca\/International\/wp-json\/wp\/v2\/posts\/60682","targetHints":{"allow":["GET"]}}],"collection":[{"href":"https:\/\/linitiative.ca\/International\/wp-json\/wp\/v2\/posts"}],"about":[{"href":"https:\/\/linitiative.ca\/International\/wp-json\/wp\/v2\/types\/post"}],"author":[{"embeddable":true,"href":"https:\/\/linitiative.ca\/International\/wp-json\/wp\/v2\/users\/1760"}],"replies":[{"embeddable":true,"href":"https:\/\/linitiative.ca\/International\/wp-json\/wp\/v2\/comments?post=60682"}],"version-history":[{"count":0,"href":"https:\/\/linitiative.ca\/International\/wp-json\/wp\/v2\/posts\/60682\/revisions"}],"wp:attachment":[{"href":"https:\/\/linitiative.ca\/International\/wp-json\/wp\/v2\/media?parent=60682"}],"wp:term":[{"taxonomy":"category","embeddable":true,"href":"https:\/\/linitiative.ca\/International\/wp-json\/wp\/v2\/categories?post=60682"},{"taxonomy":"post_tag","embeddable":true,"href":"https:\/\/linitiative.ca\/International\/wp-json\/wp\/v2\/tags?post=60682"}],"curies":[{"name":"wp","href":"https:\/\/api.w.org\/{rel}","templated":true}]}}