{"id":60683,"date":"2019-09-10T06:12:25","date_gmt":"2019-09-10T10:12:25","guid":{"rendered":"https:\/\/linitiative.ca\/International\/nouveau-secretaire-general-de-la-jeunesse-socialiste\/"},"modified":"2019-09-10T06:12:25","modified_gmt":"2019-09-10T10:12:25","slug":"nouveau-secretaire-general-de-la-jeunesse-socialiste","status":"publish","type":"post","link":"https:\/\/linitiative.ca\/International\/nouveau-secretaire-general-de-la-jeunesse-socialiste\/","title":{"rendered":"nouveau Secr\u00e9taire g\u00e9n\u00e9ral de la Jeunesse Socialiste"},"content":{"rendered":"<p class=\"c4\"><strong><span class=\"c2\">Younes Siraj\u00a0:<\/span> <span class=\"c3\">\u00ab<\/span><span class=\"c3\">Le 8e Congr\u00e8s national a consolid\u00e9 la force et l\u2019unit\u00e9 de notre organisation\u00bb<\/span><\/strong><\/p>\n<p class=\"c5\"><em><span class=\"c3\">\u00ab<span class=\"c2\">J<\/span>e veillerai \u00e0 travailler avec toutes les militantes et les militants de la Jeunesse socialiste (JS) pour aller de l\u2019avant en vue de concr\u00e9tiser notre programme d\u2019action pour les quatre ann\u00e9es \u00e0 venir.\u00a0 Ce Congr\u00e8s qui s\u2019est d\u00e9roul\u00e9 dans un climat sain et d\u00e9mocratique a d\u00e9montr\u00e9 \u00e0 tout le monde la force et l\u2019unit\u00e9 de notre organisation\u00bb, a d\u00e9clar\u00e9 Younes Siraj, nouveau Secr\u00e9taire g\u00e9n\u00e9ral de la JS, \u00e0 l\u2019issue de son \u00e9lection \u00e0 la t\u00eate de cette organisation parall\u00e8le du Parti du progr\u00e8s et du socialisme (PPS).<\/span><\/em><\/p>\n<p class=\"c5\">Younes Siraj, \u00e2g\u00e9 de 38 ans, cadre commercial dans une entreprise de t\u00e9l\u00e9communications, a ralli\u00e9 les rangs de l\u2019organisation en 1998, avant de passer par plusieurs postes de responsabilit\u00e9, que ce soit au niveau du Conseil central ou encore au Bureau national. Il a \u00e9t\u00e9 \u00e9galement membre du Comit\u00e9 central du PPS pendant quatre mandats successifs.<\/p>\n<p class=\"c5\">Younes Siraj a obtenu 121 voix sur 177 possibles. Son concurrent, Rachid Boukhenfer, a recueilli\u00a0 56 votes alors qu\u2019une seule voix a \u00e9t\u00e9 annul\u00e9e.<\/p>\n<p class=\"c5\">Soulignons qu\u2019au d\u00e9but du Congr\u00e8s, quatre candidats \u00e9taient en lice avant qu\u2019Adil Jouhari et Ismail El Hamraoui ne retirent leurs candidatures.\u00a0 Les travaux du Congr\u00e8s ont \u00e9t\u00e9 \u00e9galement sanctionn\u00e9s par l\u2019adoption de la liste des 207 membres du Conseil central,\u00a0 lors d\u2019une s\u00e9ance pl\u00e9ni\u00e8re.<\/p>\n<p class=\"c5\"><strong>Cr\u00e9dibilisation de l\u2019action politique<\/strong><\/p>\n<p class=\"c5\">Dans son allocution, apr\u00e8s la session de votes, Mohamed Nabil Benabdallah, Secr\u00e9taire g\u00e9n\u00e9ral du PPS, a tenu \u00e0 saluer le nouveau pr\u00e9sident tout en se f\u00e9licitant du succ\u00e8s du Congr\u00e8s, en d\u00e9pit de quelques tensions et qui refl\u00e8tent d\u2019ailleurs le dynamisme et la vitalit\u00e9 de la JS. Le leader du Parti du Livre a, en outre, salu\u00e9 le Secr\u00e9taire g\u00e9n\u00e9ral sortant, Jamal Krimi Benchekroun et Jalal El Moata, pr\u00e9sident de la Commission nationale pr\u00e9paratoire du Congr\u00e8s pour leur travail remarquable, assurant la r\u00e9ussite de cette \u00e9tape organisationnelle.\u00a0 \u00a0Abondant dans le m\u00eame ordre d\u2019id\u00e9es, le Secr\u00e9taire g\u00e9n\u00e9ral a mis l\u2019accent sur les valeurs constituant le socle de la JS, \u00e0 savoir la libert\u00e9 du choix des militants et militantes et l\u2019autonomie d\u00e9cisionnelle de l\u2019organisation.\u00a0 Cela \u00e9tant, la JS avec toutes ses composantes a gagn\u00e9 le pari de l\u2019organisation, ce qui constitue un indicateur fort pour la cr\u00e9dibilisation de l\u2019action politique.<\/p>\n<p class=\"c5\">Il faut dire que le 8e Congr\u00e8s national de la JS, plac\u00e9 sous le th\u00e8me \u00ab\u00a0Les jeunes\u2026et la cons\u00e9cration du choix d\u00e9mocratique\u00a0\u00bb,\u00a0 a tenu toutes ses promesses. Les d\u00e9bats intenses ayant marqu\u00e9 l\u2019ensemble des travaux ne font que de t\u00e9moigner de l\u2019esprit d\u00e9mocratique dont ont fait preuve les jeunes congressistes. Que ce soit au sein de la Commission des statuts ou encore celle charg\u00e9e du document d\u2019orientation, les participants ont r\u00e9pondu fortement pr\u00e9sents par leurs critiques\u00a0 et leurs propositions. Environ 600 congressistes ont \u00e9t\u00e9 appel\u00e9s \u00e0 participer aux travaux de cette organisation parall\u00e8le. Ainsi, plusieurs amendements ont \u00e9t\u00e9 adopt\u00e9s par les congressistes, notamment la baisse de l\u2019\u00e2ge d\u2019adh\u00e9sion aux structures de l\u2019organisation pour qu\u2019il soit fix\u00e9 \u00e0 16 ans au lieu de 18 ans. Il a \u00e9t\u00e9 \u00e9galement d\u00e9cid\u00e9 de renforcer la repr\u00e9sentativit\u00e9 f\u00e9minine dans toutes les instances et sections de la JS, soit un taux s\u2019\u00e9levant \u00e0 30%.<\/p>\n<p class=\"c6\"><strong>Khalid Darfaf<\/strong><\/p>\n<p class=\"c4\"><span class=\"c2\">***<\/span><\/p>\n<p class=\"c4\"><strong>Trois questions \u00e0 Younes Siraj\u00a0<\/strong><\/p>\n<p class=\"c4\"><span class=\"c2\">\u00abR\u00e9concilier les jeunes avec l\u2019action politique\u00bb<\/span><\/p>\n<p class=\"c5\"><strong>Al Bayane\u00a0: <span class=\"c2\">Quelle \u00e9valuation faites-vous du 8 e Congr\u00e8s de la JS?<\/span><\/strong><\/p>\n<p class=\"c5\"><strong><img loading=\"lazy\" decoding=\"async\" class=\" wp-image-81114 alignright\" src=\"http:\/\/albayane.press.ma\/wp-content\/uploads\/rdc-89-230x130.jpg\" alt=\"\" width=\"226\" height=\"128\"\/>Younes Siraj\u00a0:<\/strong> En d\u00e9pit de ce qui \u00e9t\u00e9 rapport\u00e9 par certains m\u00e9dias, il faut dire que ce Congr\u00e8s national a \u00e9t\u00e9 tenu dans des conditions normales o\u00f9 la d\u00e9mocratie a \u00e9t\u00e9 respect\u00e9e. Le Congr\u00e8s a d\u00e9montr\u00e9 la solidit\u00e9 des camarades et la force de notre organisation. Les congressistes ont fait preuve d\u2019une grande maturit\u00e9 et d\u2019engagement en d\u00e9montrant \u00e0 tout le monde que la JS constitue un v\u00e9ritable espace de d\u00e9bat et de propositions et o\u00f9 la libert\u00e9 de choix de ses militants est pleinement respect\u00e9e.<\/p>\n<p class=\"c5\"><span class=\"c2\"><strong>Que constitue pour vous votre \u00e9lection \u00e0 la t\u00eate de la JS?<\/strong><\/span><\/p>\n<p class=\"c5\">Il s\u2019agit d\u2019une lourde responsabilit\u00e9. D\u2019ailleurs, je dois remercier les congressistes pour la confiance qu\u2019ils m\u2019ont accord\u00e9e. Mon devoir consiste \u00e0 f\u00e9d\u00e9rer tous les efforts des militants autour de notre projet. Le but escompt\u00e9 est de renforcer davantage la pr\u00e9sence de la JS dans tous les espaces de jeunes. Dans un contexte difficile marqu\u00e9 par un hiatus abyssal entre les jeunes et la sph\u00e8re politique, nous sommes appel\u00e9s \u00e0 acc\u00e9l\u00e9rer\u00a0 la cadence de notre travail\u2026<\/p>\n<p class=\"c5\"><span class=\"c2\"><strong>En quoi consiste r\u00e9ellement votre programme?<\/strong><\/span><\/p>\n<p class=\"c5\">Mon programme s\u2019articule autour de quatre axes.\u00a0 Primo, il faut renforcer les structures organisationnelles\u00a0 de la JS. Nous sommes appel\u00e9s \u00e0 nous ouvrir davantage sur les universit\u00e9s et les \u00e9coles sup\u00e9rieurs priv\u00e9es pour r\u00e9concilier les jeunes avec la politique.\u00a0 Le renforcement des sections locales et provinciales constitue une condition sine qua non pour atteindre un tel objectif. Secundo, il faut proc\u00e9der \u00e0 la mise en place d\u2019une strat\u00e9gie de formation pour procurer aux jeunes les outils de l\u2019analyse politique. Tertio, la JS doit r\u00e9fl\u00e9chir sur les moyens \u00e0 mettre en place pour int\u00e9grer les jeunes Marocains r\u00e9sidant \u00e0 l\u2019\u00e9tranger qui ont un r\u00f4le majeur \u00e0 remplir, notamment en mati\u00e8re de d\u00e9fense des dossiers strat\u00e9giques du Royaume, en l\u2019occurrence notre premi\u00e8re cause nationale, celle du Sahara marocain. Quarto, la JS doit investir dans la communication digitale pour faciliter la communication et l\u2019\u00e9change avec une large cat\u00e9gorie de la jeunesse marocaine en vue de les convaincre de l\u2019utilit\u00e9 de l\u2019action politique.<\/p>\n<p>Auteur: M&rsquo;hammed rahal<br \/>\n<a href=\"http:\/\/albayane.press.ma\/nouveau-secretaire-general-de-la-jeunesse-socialiste.html\">Cliquez ici pour lire l&rsquo;article depuis sa source.<\/a><\/p>\n","protected":false},"excerpt":{"rendered":"<p>Younes Siraj\u00a0: \u00abLe 8e Congr\u00e8s national a consolid\u00e9 la force et l\u2019unit\u00e9 de notre organisation\u00bb \u00abJe veillerai \u00e0 travailler avec toutes les militantes et les militants de la Jeunesse socialiste (JS) pour aller de l\u2019avant en vue de concr\u00e9tiser notre programme d\u2019action pour les quatre ann\u00e9es \u00e0 venir.\u00a0 Ce Congr\u00e8s qui s\u2019est d\u00e9roul\u00e9 dans un [&hellip;]<\/p>\n","protected":false},"author":1760,"featured_media":60684,"comment_status":"closed","ping_status":"closed","sticky":false,"template":"","format":"standard","meta":{"fifu_image_url":"","fifu_image_alt":"","footnotes":""},"categories":[73,54],"tags":[],"class_list":["post-60683","post","type-post","status-publish","format-standard","has-post-thumbnail","hentry","category-actualite","category-maroc"],"_links":{"self":[{"href":"https:\/\/linitiative.ca\/International\/wp-json\/wp\/v2\/posts\/60683","targetHints":{"allow":["GET"]}}],"collection":[{"href":"https:\/\/linitiative.ca\/International\/wp-json\/wp\/v2\/posts"}],"about":[{"href":"https:\/\/linitiative.ca\/International\/wp-json\/wp\/v2\/types\/post"}],"author":[{"embeddable":true,"href":"https:\/\/linitiative.ca\/International\/wp-json\/wp\/v2\/users\/1760"}],"replies":[{"embeddable":true,"href":"https:\/\/linitiative.ca\/International\/wp-json\/wp\/v2\/comments?post=60683"}],"version-history":[{"count":0,"href":"https:\/\/linitiative.ca\/International\/wp-json\/wp\/v2\/posts\/60683\/revisions"}],"wp:featuredmedia":[{"embeddable":true,"href":"https:\/\/linitiative.ca\/International\/wp-json\/"}],"wp:attachment":[{"href":"https:\/\/linitiative.ca\/International\/wp-json\/wp\/v2\/media?parent=60683"}],"wp:term":[{"taxonomy":"category","embeddable":true,"href":"https:\/\/linitiative.ca\/International\/wp-json\/wp\/v2\/categories?post=60683"},{"taxonomy":"post_tag","embeddable":true,"href":"https:\/\/linitiative.ca\/International\/wp-json\/wp\/v2\/tags?post=60683"}],"curies":[{"name":"wp","href":"https:\/\/api.w.org\/{rel}","templated":true}]}}