{"id":60685,"date":"2019-09-10T06:34:56","date_gmt":"2019-09-10T10:34:56","guid":{"rendered":"https:\/\/linitiative.ca\/International\/le-calvaire-des-ouvriers-agricoles\/"},"modified":"2019-09-10T06:34:56","modified_gmt":"2019-09-10T10:34:56","slug":"le-calvaire-des-ouvriers-agricoles","status":"publish","type":"post","link":"https:\/\/linitiative.ca\/International\/le-calvaire-des-ouvriers-agricoles\/","title":{"rendered":"Le calvaire des ouvriers agricoles!"},"content":{"rendered":"<p class=\"c4\"><span class=\"c3\"><strong><span class=\"c2\">O<\/span>n reviendra encore une fois sur la probl\u00e9matique chronique des travailleurs agricoles, dans la r\u00e9gion de Souss Massa. Le combat ouvrier pour recouvrer les droits l\u00e9gitimes les plus \u00e9l\u00e9mentaires se poursuit, dans des conditions difficiles, aussi longtemps que le patronat refuse de se rendre \u00e0 l\u2019\u00e9vidence.<\/strong><\/span><\/p>\n<p class=\"c4\">Les ouvri\u00e8res et les ouvriers des soci\u00e9t\u00e9s du Souss \u00e0 Chtouka Ait Baha ou \u00e0 Taroudant, \u00e0 titre d\u2019exemple, se plaignent de leur sort pas toujours commode, dans plusieurs points de ces zones, connus pour l\u2019abondance de l\u2019activit\u00e9 agricole.<\/p>\n<p class=\"c4\">En effet, des dizaines de manifestants relient les communes respectives pour faire entendre leurs malheurs. Exasp\u00e9r\u00e9s face \u00e0 l\u2019indiff\u00e9rence de leurs employeurs, les travailleurs ont \u00e9nergiquement protest\u00e9 pour la r\u00e9gularisation de leur situation et la concr\u00e9tisation de leurs dol\u00e9ances touchant les conditions et le cadre de travail, au sein des fabriques respectives.<\/p>\n<p class=\"c4\">Toujours en col\u00e8re, les manifestants s\u2019\u00e9poumonent sans provoquer de casse et se donnent rendez-vous pour observer des sit-in si l\u2019administration reste impassible en face de leurs requ\u00eates l\u00e9gales. Les manifestations qui s\u2019ins\u00e8rent dans la multitude de d\u00e9marches ouvri\u00e8res connaissent en g\u00e9n\u00e9ral, un engouement dans les milieux des travailleurs qui n\u2019en peuvent plus devant les pressions de la direction des compagnies agricoles, mais aussi des divers services ext\u00e9rieurs concern\u00e9s, en particulier l\u2019inspection du travail.<\/p>\n<p class=\"c4\">Cette situation devient de plus en plus pr\u00e9occupante si l\u2019on sait que les entreprises agricoles d\u2019export tant marocaines qu\u2019\u00e9trang\u00e8res ne cessent de mener la vie dure aux ouvriers, en proie \u00e0 l\u2019exploitation vorace. Il serait alors consciencieux et humain de pr\u00eater attention aux revendications de cette classe prol\u00e9taire, dans le cadre des lois de travail en vigueur, d\u2019autant plus que la situation sociale de ces travailleurs n\u00e9cessite un int\u00e9r\u00eat tout particulier.<\/p>\n<p class=\"c4\">Il est \u00e0 rappeler que la zone de Chtouka Ait Baha et de Taroudant, sont, en fait, consid\u00e9r\u00e9es comme un bastion incontest\u00e9 de l\u2019agriculture de l\u2019export dont les ouvriers jouent constamment un r\u00f4le pr\u00e9pond\u00e9rant sans que ces derniers ne profitent de leur effort colossal dans le d\u00e9veloppement de la productivit\u00e9 qui se hisse au plus haut degr\u00e9 en termes de qualit\u00e9 et de tra\u00e7abilit\u00e9. Il est donc temps de r\u00e9gulariser cet \u00e9tat de fait critique dans l\u2019\u00e9quit\u00e9 et la justice sociale, au lieu de laisser les patronats s\u2019enrichir aux d\u00e9pens de la sueur des travailleurs.<\/p>\n<p class=\"c4\">L\u2019attitude\u00a0 draconienne voire cynique de certains patrons inciviques qui font payer parfois, leurs \u00e9checs de gouvernance manag\u00e9riales aux ouvriers, ne font qu\u2019encourir \u00e0 la r\u00e9gion et, partant, au pays entier, des risques de rixes intestines pouvant g\u00e9n\u00e9rer l\u2019instabilit\u00e9 dont les retomb\u00e9es auraient des incidences n\u00e9fastes sur l\u2019\u00e9conomie du pays, mais \u00e9galement sur la s\u00e9curit\u00e9 et la qui\u00e9tude des m\u00e9nages, issus des franges d\u00e9sh\u00e9rit\u00e9es.<\/p>\n<p>Auteur: M&rsquo;hammed rahal<br \/>\n<a href=\"http:\/\/albayane.press.ma\/le-calvaire-des-ouvriers-agricoles-2.html\">Cliquez ici pour lire l&rsquo;article depuis sa source.<\/a><\/p>\n","protected":false},"excerpt":{"rendered":"<p>On reviendra encore une fois sur la probl\u00e9matique chronique des travailleurs agricoles, dans la r\u00e9gion de Souss Massa. Le combat ouvrier pour recouvrer les droits l\u00e9gitimes les plus \u00e9l\u00e9mentaires se poursuit, dans des conditions difficiles, aussi longtemps que le patronat refuse de se rendre \u00e0 l\u2019\u00e9vidence. Les ouvri\u00e8res et les ouvriers des soci\u00e9t\u00e9s du Souss [&hellip;]<\/p>\n","protected":false},"author":1760,"featured_media":0,"comment_status":"closed","ping_status":"closed","sticky":false,"template":"","format":"standard","meta":{"fifu_image_url":"","fifu_image_alt":"","footnotes":""},"categories":[73,54],"tags":[],"class_list":["post-60685","post","type-post","status-publish","format-standard","hentry","category-actualite","category-maroc"],"_links":{"self":[{"href":"https:\/\/linitiative.ca\/International\/wp-json\/wp\/v2\/posts\/60685","targetHints":{"allow":["GET"]}}],"collection":[{"href":"https:\/\/linitiative.ca\/International\/wp-json\/wp\/v2\/posts"}],"about":[{"href":"https:\/\/linitiative.ca\/International\/wp-json\/wp\/v2\/types\/post"}],"author":[{"embeddable":true,"href":"https:\/\/linitiative.ca\/International\/wp-json\/wp\/v2\/users\/1760"}],"replies":[{"embeddable":true,"href":"https:\/\/linitiative.ca\/International\/wp-json\/wp\/v2\/comments?post=60685"}],"version-history":[{"count":0,"href":"https:\/\/linitiative.ca\/International\/wp-json\/wp\/v2\/posts\/60685\/revisions"}],"wp:attachment":[{"href":"https:\/\/linitiative.ca\/International\/wp-json\/wp\/v2\/media?parent=60685"}],"wp:term":[{"taxonomy":"category","embeddable":true,"href":"https:\/\/linitiative.ca\/International\/wp-json\/wp\/v2\/categories?post=60685"},{"taxonomy":"post_tag","embeddable":true,"href":"https:\/\/linitiative.ca\/International\/wp-json\/wp\/v2\/tags?post=60685"}],"curies":[{"name":"wp","href":"https:\/\/api.w.org\/{rel}","templated":true}]}}