{"id":60687,"date":"2019-09-10T08:45:49","date_gmt":"2019-09-10T12:45:49","guid":{"rendered":"https:\/\/linitiative.ca\/International\/estime-a-a-128641-md-le-deficit-de-la-balance-commerciale-se-creuse-davantage\/"},"modified":"2019-09-10T08:45:49","modified_gmt":"2019-09-10T12:45:49","slug":"estime-a-a-128641-md-le-deficit-de-la-balance-commerciale-se-creuse-davantage","status":"publish","type":"post","link":"https:\/\/linitiative.ca\/International\/estime-a-a-128641-md-le-deficit-de-la-balance-commerciale-se-creuse-davantage\/","title":{"rendered":"Estim\u00e9 \u00e0 \u00e0 12864,1 MD\u00a0: Le d\u00e9ficit de la balance commerciale se creuse davantage"},"content":{"rendered":"<p>Le d\u00e9ficit de la balance commerciale s\u2019est \u00e9tabli \u00e0 12864,1 MD, durant les huit premiers mois<br \/>de l\u2019ann\u00e9e 2019, contre 12160,5 MD au cours de la m\u00eame p\u00e9riode de l\u2019ann\u00e9e \u00e9coul\u00e9e, selon<br \/>les donn\u00e9es fournies par l\u2019Institut National de la Statistique (INS).<br \/>Le taux de couverture a gagn\u00e9 1,3 point par rapport aux huit premiers mois de l\u2019ann\u00e9e 2018<br \/>pour s\u2019\u00e9tablir \u00e0 69,7%, contre 68,4%.<br \/>D\u2019apr\u00e8s l\u2019INS, le solde de la balance commerciale est d\u00e9ficitaire de 12864,1 MD suite au<br \/>d\u00e9ficit enregistr\u00e9 avec certains pays, tels que la Chine (-3901,4 MD), l\u2019Alg\u00e9rie (-2089 MD),<br \/>l\u2019Italie (-1892,7 MD), la Turquie (-1618,6 MD) et la Russie (-1062 MD).<br \/>En revanche, le solde de la balance commerciale a enregistr\u00e9 un exc\u00e9dant avec d\u2019autres pays<br \/>principalement la France de 2718,3 MD, la Libye (857,2 MD) et le Maroc (296,9 MD).<br \/>Hors \u00e9nergie, le d\u00e9ficit de la balance commerciale s\u2019\u00e9tablit \u00e0 8022,2 MD. Le d\u00e9ficit de la<br \/>balance \u00e9nerg\u00e9tique s\u2019\u00e9tablit, quant \u00e0 lui, \u00e0 4841,9 MD (37,6% du d\u00e9ficit total), contre 3863,3<br \/>MD durant la m\u00eame p\u00e9riode en 2018.<\/p>\n<p class=\"dpsp-share-text\">Partager c&rsquo;est aimer!<\/p>\n<div class=\"wp-post-author-wrap wp-post-author-shortcode left\">\n<h3 class=\"awpa-title\"\/>\n<div class=\"wp-post-author\">\n<div class=\"awpa-img awpa-author-block square\"><a href=\"http:\/\/lexpertjournal.net\/fr\/author\/expert\/\"><img loading=\"lazy\" decoding=\"async\" alt=\"\" src=\"http:\/\/2.gravatar.com\/avatar\/56d99be2a6f97af88ccb49fada637fcd?s=150&#038;d=mm&#038;r=g\" srcset=\"http:\/\/2.gravatar.com\/avatar\/56d99be2a6f97af88ccb49fada637fcd?s=300&#038;d=mm&#038;r=g 2x\" class=\"avatar avatar-150 photo\" height=\"150\" width=\"150\"\/><\/a><\/div>\n<\/div>\n<\/div>\n<p>Auteur: L&rsquo;expert<br \/>\n<a href=\"http:\/\/lexpertjournal.net\/fr\/2019\/09\/10\/estime-a-a-128641-md-le-deficit-de-la-balance-commerciale-se-creuse-davantage\/\">Cliquez ici pour lire l&rsquo;article depuis sa source.<\/a><\/p>\n","protected":false},"excerpt":{"rendered":"<p>Le d\u00e9ficit de la balance commerciale s\u2019est \u00e9tabli \u00e0 12864,1 MD, durant les huit premiers moisde l\u2019ann\u00e9e 2019, contre 12160,5 MD au cours de la m\u00eame p\u00e9riode de l\u2019ann\u00e9e \u00e9coul\u00e9e, selonles donn\u00e9es fournies par l\u2019Institut National de la Statistique (INS).Le taux de couverture a gagn\u00e9 1,3 point par rapport aux huit premiers mois de l\u2019ann\u00e9e [&hellip;]<\/p>\n","protected":false},"author":1775,"featured_media":0,"comment_status":"closed","ping_status":"closed","sticky":false,"template":"","format":"standard","meta":{"fifu_image_url":"","fifu_image_alt":"","footnotes":""},"categories":[78,55],"tags":[],"class_list":["post-60687","post","type-post","status-publish","format-standard","hentry","category-economie","category-tunisie"],"_links":{"self":[{"href":"https:\/\/linitiative.ca\/International\/wp-json\/wp\/v2\/posts\/60687","targetHints":{"allow":["GET"]}}],"collection":[{"href":"https:\/\/linitiative.ca\/International\/wp-json\/wp\/v2\/posts"}],"about":[{"href":"https:\/\/linitiative.ca\/International\/wp-json\/wp\/v2\/types\/post"}],"author":[{"embeddable":true,"href":"https:\/\/linitiative.ca\/International\/wp-json\/wp\/v2\/users\/1775"}],"replies":[{"embeddable":true,"href":"https:\/\/linitiative.ca\/International\/wp-json\/wp\/v2\/comments?post=60687"}],"version-history":[{"count":0,"href":"https:\/\/linitiative.ca\/International\/wp-json\/wp\/v2\/posts\/60687\/revisions"}],"wp:attachment":[{"href":"https:\/\/linitiative.ca\/International\/wp-json\/wp\/v2\/media?parent=60687"}],"wp:term":[{"taxonomy":"category","embeddable":true,"href":"https:\/\/linitiative.ca\/International\/wp-json\/wp\/v2\/categories?post=60687"},{"taxonomy":"post_tag","embeddable":true,"href":"https:\/\/linitiative.ca\/International\/wp-json\/wp\/v2\/tags?post=60687"}],"curies":[{"name":"wp","href":"https:\/\/api.w.org\/{rel}","templated":true}]}}