{"id":60689,"date":"2019-09-10T08:49:49","date_gmt":"2019-09-10T12:49:49","guid":{"rendered":"https:\/\/linitiative.ca\/International\/progression-de-10-des-importations\/"},"modified":"2019-09-10T08:49:49","modified_gmt":"2019-09-10T12:49:49","slug":"progression-de-10-des-importations","status":"publish","type":"post","link":"https:\/\/linitiative.ca\/International\/progression-de-10-des-importations\/","title":{"rendered":"Progression de 10% des importations"},"content":{"rendered":"<p>Les importations ont enregistr\u00e9 une hausse de 10%, contre +20,3% durant la m\u00eame p\u00e9riode de<br \/>l\u2019ann\u00e9e 2018. Les importations ont, ainsi, atteint la valeur de 42387,9 MD contre 38519,2<br \/>MD, durant les huit premiers mois de l\u2019ann\u00e9e 2018.<\/p>\n<p>L\u2019INS a expliqu\u00e9 que cette augmentation des importations de 10% est due \u00e0 la hausse<br \/>observ\u00e9e au niveau de tous les secteurs.<br \/>En effet, les importations ont enregistr\u00e9 des augmentations de 23,6% pour les produits<br \/>\u00e9nerg\u00e9tiques sous l\u2019effet de la hausse de nos achats de gaz naturel (2533,6 MD contre 1476,8<br \/>MD).<br \/>De m\u00eame, les importations ont augment\u00e9 de 15,7% pour les biens d\u2019\u00e9quipement, 8,1% pour<br \/>les mines, phosphates et d\u00e9riv\u00e9s, 5% pour les produits agricoles et alimentaires de base et<br \/>3,6% pour les mati\u00e8res premi\u00e8res et demi produits.<\/p>\n<p class=\"dpsp-share-text\">Partager c&rsquo;est aimer!<\/p>\n<div class=\"wp-post-author-wrap wp-post-author-shortcode left\">\n<h3 class=\"awpa-title\"\/>\n<div class=\"wp-post-author\">\n<div class=\"awpa-img awpa-author-block square\"><a href=\"http:\/\/lexpertjournal.net\/fr\/author\/expert\/\"><img loading=\"lazy\" decoding=\"async\" alt=\"\" src=\"http:\/\/2.gravatar.com\/avatar\/56d99be2a6f97af88ccb49fada637fcd?s=150&#038;d=mm&#038;r=g\" srcset=\"http:\/\/2.gravatar.com\/avatar\/56d99be2a6f97af88ccb49fada637fcd?s=300&#038;d=mm&#038;r=g 2x\" class=\"avatar avatar-150 photo\" height=\"150\" width=\"150\"\/><\/a><\/div>\n<\/div>\n<\/div>\n<p>Auteur: L&rsquo;expert<br \/>\n<a href=\"http:\/\/lexpertjournal.net\/fr\/2019\/09\/10\/progression-de-10-des-importations\/\">Cliquez ici pour lire l&rsquo;article depuis sa source.<\/a><\/p>\n","protected":false},"excerpt":{"rendered":"<p>Les importations ont enregistr\u00e9 une hausse de 10%, contre +20,3% durant la m\u00eame p\u00e9riode del\u2019ann\u00e9e 2018. Les importations ont, ainsi, atteint la valeur de 42387,9 MD contre 38519,2MD, durant les huit premiers mois de l\u2019ann\u00e9e 2018. L\u2019INS a expliqu\u00e9 que cette augmentation des importations de 10% est due \u00e0 la hausseobserv\u00e9e au niveau de tous [&hellip;]<\/p>\n","protected":false},"author":1775,"featured_media":0,"comment_status":"closed","ping_status":"closed","sticky":false,"template":"","format":"standard","meta":{"fifu_image_url":"","fifu_image_alt":"","footnotes":""},"categories":[78,55],"tags":[],"class_list":["post-60689","post","type-post","status-publish","format-standard","hentry","category-economie","category-tunisie"],"_links":{"self":[{"href":"https:\/\/linitiative.ca\/International\/wp-json\/wp\/v2\/posts\/60689","targetHints":{"allow":["GET"]}}],"collection":[{"href":"https:\/\/linitiative.ca\/International\/wp-json\/wp\/v2\/posts"}],"about":[{"href":"https:\/\/linitiative.ca\/International\/wp-json\/wp\/v2\/types\/post"}],"author":[{"embeddable":true,"href":"https:\/\/linitiative.ca\/International\/wp-json\/wp\/v2\/users\/1775"}],"replies":[{"embeddable":true,"href":"https:\/\/linitiative.ca\/International\/wp-json\/wp\/v2\/comments?post=60689"}],"version-history":[{"count":0,"href":"https:\/\/linitiative.ca\/International\/wp-json\/wp\/v2\/posts\/60689\/revisions"}],"wp:attachment":[{"href":"https:\/\/linitiative.ca\/International\/wp-json\/wp\/v2\/media?parent=60689"}],"wp:term":[{"taxonomy":"category","embeddable":true,"href":"https:\/\/linitiative.ca\/International\/wp-json\/wp\/v2\/categories?post=60689"},{"taxonomy":"post_tag","embeddable":true,"href":"https:\/\/linitiative.ca\/International\/wp-json\/wp\/v2\/tags?post=60689"}],"curies":[{"name":"wp","href":"https:\/\/api.w.org\/{rel}","templated":true}]}}